{"id":11385,"date":"2024-12-16T14:02:36","date_gmt":"2024-12-16T13:02:36","guid":{"rendered":"https:\/\/istruttorecinofilo.it\/blog\/?p=11385"},"modified":"2024-12-27T16:06:31","modified_gmt":"2024-12-27T15:06:31","slug":"il-pastore-tedesco-fedele-e-versatile","status":"publish","type":"post","link":"https:\/\/istruttorecinofilo.it\/blog\/il-pastore-tedesco-fedele-e-versatile\/","title":{"rendered":"Il Pastore Tedesco: fedele e versatile"},"content":{"rendered":"<p>Il Pastore Tedesco, con la sua eleganza, intelligenza e versatilit\u00e0, \u00e8 nel complesso una delle razze canine pi\u00f9 amate e riconosciute sia in Italia che nel mondo a livello internazionale. Originario della Germania, questo cane \u00e8 stato selezionato per secoli per le sue eccezionali capacit\u00e0 di apprendimento e la sua predisposizione al lavoro. Scopriamo insieme le caratteristiche che rendono unico il Pastore Tedesco.<\/p>\n<h3>Il Pastore Tedesco: un compagno fedele e versatile<\/h3>\n<h3>Storia<\/h3>\n<p>Le origini del Pastore Tedesco risalgono a met\u00e0 del XIX secolo, quando in Germania si inizi\u00f2 a selezionare e incrociare particolarmente diverse variet\u00e0 di cani da pastore allo scopo di ottenere un cane da lavoro polivalente. Grazie all&#8217;impegno di allevatori e cinofili, si arriv\u00f2 alla definizione di uno standard di razza che ha reso il Pastore Tedesco famoso in tutto il mondo.<\/p>\n<h3>Carattere<\/h3>\n<p>Il Pastore Tedesco \u00e8 un cane intelligente, fedele, protettivo. \u00c8\u00a0 quindi dotato di un forte istinto alla guardia e alla difesa, ma nonostante questo allo stesso tempo \u00e8 molto affettuoso e legato alla sua famiglia. La sua natura \u00e8 equilibrata, coraggiosa e sempre pronta all&#8217;azione.<\/p>\n<h3>Comportamento<\/h3>\n<p>Il Pastore Tedesco \u00e8 un cane attivo e energico, che per\u00f2 ha bisogno di stimoli mentali e fisici regolari. \u00c8 un ottimo compagno per le attivit\u00e0 all&#8217;aperto e ama lavorare al fianco del suo proprietario..<\/p>\n<h3>Caratteristiche generali e fisiche<\/h3>\n<ul>\n<li><strong>Il Pastore Tedesco:<\/strong> \u00e8 un cane di taglia media-grande, con un corpo muscoloso e proporzionato. Il mantello pu\u00f2 essere corto e denso o lungo e folto, e i colori pi\u00f9 comuni sono il nero focato e il grigio.<\/li>\n<li><strong>Altezza al garrese:<\/strong> Maschi: 60-65 cm; Femmine: 55-60 cm.<\/li>\n<li><strong>Peso: Maschi:<\/strong> 30-40 kg; Femmine: 22-32 kg.<\/li>\n<\/ul>\n<h3>Cure e salute<\/h3>\n<p>Il Pastore Tedesco \u00e8 generalmente un cane sano, ma come tutte le razze pu\u00f2 essere predisposto a determinate patologie, come la displasia dell&#8217;anca e del gomito. \u00c8 importante sottoporlo a regolari controlli veterinari e fornirgli <a href=\"https:\/\/istruttorecinofilo.it\/blog\/consulente-esperto-cibo-sano-per-cane-e-gatto\/\">un&#8217;alimentazione sana bilanciata con cibo carne di alta qualit\u00e0 per la specie cane<\/a>.<\/p>\n<h3>Educazione Cinofila Comportamentale<\/h3>\n<ul>\n<li><a href=\"https:\/\/istruttorecinofilo.it\/blog\/educatore-cinofilo-comportamentale\/\">L&#8217;educazione del Pastore Tedesco<\/a> \u00e8 fondamentale per garantire un&#8217;armonia nella convivenza.<\/li>\n<li>\u00c8 un cane intelligente e desideroso di compiacere, ma di conseguenza ha bisogno di un proprietario intelligente, paziente, fermo, coerente, che usa il buon senso..<\/li>\n<li>La <a href=\"https:\/\/istruttorecinofilo.it\/blog\/educatore-cinofilo-comportamentale\/\">socializzazione fin da cucciolo<\/a> \u00e8 essenziale per evitare <a href=\"https:\/\/istruttorecinofilo.it\/blog\/educatore-cinofilo-comportamentale\/\">problemi comportamentali.\u00a0<\/a><\/li>\n<li><strong>Educazione Cinofila Comportamentale:<\/strong> \u00e8 un aiuto prezioso per la persona e anche per il cane per comprendersi, per risolvere i problemi, per capire il suo comportamento, per il benessere dei nostri amici a quattro zampe<\/li>\n<\/ul>\n<h3>Socializzazione<\/h3>\n<p>La socializzazione \u00e8 fondamentale per il Pastore Tedesco, in quanto lo aiuta a\u00a0 conoscere(<a href=\"https:\/\/istruttorecinofilo.it\/blog\/il-mio-diploma-norvegese\/\">con il giusto esperto<\/a>) <a href=\"https:\/\/istruttorecinofilo.it\/blog\/il-mio-diploma-norvegese\/\">i segnali calmanti<\/a>,\u00a0 affinch\u00e8 possa sviluppare un carattere equilibrato e a interagire positivamente con le persone, cani e gli altri animali.<\/p>\n<h3>Alimentazione<\/h3>\n<p>L&#8217;alimentazione del Pastore Tedesco deve essere con ingredienti di alta qualit\u00e0(carne)<a href=\"https:\/\/istruttorecinofilo.it\/blog\/consulente-esperto-cibo-sano-per-cane-e-gatto\/\">adeguata alla specie cane<\/a>, alle sue esigenze energetiche e alla sua attivit\u00e0 fisica. Infatti \u00e8 consigliabile <a href=\"https:\/\/istruttorecinofilo.it\/blog\/consulente-esperto-cibo-sano-per-cane-e-gatto\/\">scegliere un alimento con carne di alta qualit\u00e0, ricco di proteine , aminoacidi e di tutti i nutrienti necessari.<\/a><\/p>\n<h3>Attivit\u00e0<\/h3>\n<p>Il Pastore Tedesco ha bisogno di fare molto movimento per mantenersi in forma e felice. Le attivit\u00e0 fisiche regolari, come le lunghe passeggiate, i giochi di ricerca, sono un valido hobby ma <a href=\"https:\/\/istruttorecinofilo.it\/blog\/il-mio-diploma-norvegese\/\">l&#8217;educazione cinofila comportamentale<\/a> \u00e8 fondamentale per il suo benessere psico-fisico, emotivo, comportamentale, sociale. relazionale, pi\u00f9 che limitare il cane pastore tedesco (come purtroppo spesso accade) al solo addestramento di obbedienza fine a se stessa.<\/p>\n<h3>Attitudini<\/h3>\n<p>Il Pastore Tedesco \u00e8 un cane versatile, che pu\u00f2 eccellere in diverse discipline, come l&#8217;agility, l&#8217;obedience, il Schutzhund e la ricerca e soccorso. \u00c8 anche un ottimo cane da guardia e anche da compagnia in famiglie consapevoli delle caratteristiche di razza, attitudini, comportamento.<\/p>\n<h3>Scopo per cui \u00e8 stato selezionato<\/h3>\n<p>Inizialmente selezionato per il lavoro di pastore, il Pastore Tedesco \u00e8 stato poi impiegato in numerosi altri ambiti, come la polizia, l&#8217;esercito, la ricerca e il soccorso, e come cane guida per non vedenti.<\/p>\n<h3>Modo in cui lavora<\/h3>\n<p>Il Pastore Tedesco \u00e8 un cane intelligente, forte e resistente, che lavora con grande passione e dedizione. \u00c8 un cane molto affidabile e pu\u00f2 essere impiegato in diverse situazioni, grazie alla sua grande adattabilit\u00e0.<\/p>\n<p>&nbsp;<\/p>\n<p>Il Pastore Tedesco \u00e8 un cane meraviglioso, ma richiede rispetto, intelligenza, sano impegno, dedizione, cura.<\/p>\n<p>\u00c8 un compagno fedele e protettivo, che porter\u00e0 gioia e soddisfazione nella tua vita.<\/p>\n<p>Se stai cercando un cane intelligente, attivo e versatile, il Pastore Tedesco potrebbe essere la scelta perfetta per te.<\/p>\n<p><strong>Vuoi saperne di pi\u00f9 sul Pastore Tedesco? Contattami ! Chiedimi pure!<\/strong><\/p>\n<p>Stefano<br \/>\n<span class=\"x1xsqp64 xiy17q3 x1o6pynw x19co3pv xdj266r xcwd3tp xat24cr x39eecv x2b8uid\" data-testid=\"emoji\"><span class=\"xexx8yu xn5pp95 x18d9i69 x2fxd7x x3jgonx x1bhl96m\">\u2764\ufe0f<\/span><\/span><span class=\"x1xsqp64 xiy17q3 x1o6pynw x19co3pv xdj266r xcwd3tp xat24cr x39eecv x2b8uid\" data-testid=\"emoji\"><span class=\"xexx8yu xn5pp95 x18d9i69 x2fxd7x x3jgonx x1bhl96m\">\ud83d\ude4f<\/span><\/span><span class=\"x1xsqp64 xiy17q3 x1o6pynw x19co3pv xdj266r xcwd3tp xat24cr x39eecv x2b8uid\" data-testid=\"emoji\"><span class=\"xexx8yu xn5pp95 x18d9i69 x2fxd7x x3jgonx x1bhl96m\">\ud83d\udc3e<\/span><\/span><span class=\"x1xsqp64 xiy17q3 x1o6pynw x19co3pv xdj266r xcwd3tp xat24cr x39eecv x2b8uid\" data-testid=\"emoji\"><span class=\"xexx8yu xn5pp95 x18d9i69 x2fxd7x x3jgonx x1bhl96m\">\ud83d\udc3e<\/span><\/span><span class=\"x1xsqp64 xiy17q3 x1o6pynw x19co3pv xdj266r xcwd3tp xat24cr x39eecv x2b8uid\" data-testid=\"emoji\"><span class=\"xexx8yu xn5pp95 x18d9i69 x2fxd7x x3jgonx x1bhl96m\">\ud83d\udc3e<\/span><\/span><\/p>\n<div class=\"x11i5rnm xat24cr x1mh8g0r x1vvkbs xtlvy1s x126k92a\">\n<div dir=\"auto\">Stefano Pesci<\/div>\n<div dir=\"auto\"><a href=\"https:\/\/istruttorecinofilo.it\/blog\/educatore-cinofilo-comportamentale\/\">Istruttore Educatore Cinofilo Comportamentale<\/a><\/div>\n<div dir=\"auto\"><a href=\"https:\/\/istruttorecinofilo.it\/blog\/il-mio-diploma-norvegese\/\">Specializzazione Norvegese<\/a> (benessere, risoluzioni problemi, segnali calmanti, stress, abbaio, paure, aggressivit\u00e0, cani cuccioli, cani adulti)<\/div>\n<div dir=\"auto\">Ideatore del <a href=\"https:\/\/istruttorecinofilo.it\/blog\/togetherdog-approach\/\">metodo Togetherdog<\/a><\/div>\n<\/div>\n<div dir=\"auto\"><a href=\"https:\/\/istruttorecinofilo.it\/blog\/consulente-esperto-cibo-sano-per-cane-e-gatto\/\">Consulente Alimentare Cibo Sano Vitale per Cani e Gatti\u00a0<\/a><\/div>\n<div dir=\"auto\"><\/div>\n<div dir=\"auto\">Il cane Pastore Tedesco : Comportamento &#8211; Educazione &#8211; Addestramento &#8211; Notizie &#8211; Valdarno &#8211; Arezzo &#8211; Toscana &#8211; Italia<\/div>\n<div dir=\"auto\"><\/div>\n","protected":false},"excerpt":{"rendered":"<p>Il Pastore Tedesco, con la sua eleganza, intelligenza e versatilit\u00e0, \u00e8 nel complesso una delle razze canine pi\u00f9 amate e riconosciute sia in Italia che [&hellip;]<\/p>\n","protected":false},"author":1,"featured_media":11391,"comment_status":"closed","ping_status":"closed","sticky":false,"template":"","format":"standard","meta":{"footnotes":""},"categories":[315,1688],"tags":[1549,188,162,500,2162,2163,92],"class_list":["post-11385","post","type-post","status-publish","format-standard","has-post-thumbnail","hentry","category-articoli","category-le-razze","tag-alimentazione","tag-comportamento","tag-educazione-cinofila","tag-educazione-cinofila-comportamentale","tag-linguaggio","tag-nutrizione","tag-pastore-tedesco"],"yoast_head":"<!-- This site is optimized with the Yoast SEO plugin v27.9 - https:\/\/yoast.com\/product\/yoast-seo-wordpress\/ -->\n<title>Il Pastore Tedesco: fedele e versatile - Istruttore Cinofilo - Stefano Pesci<\/title>\n<meta name=\"description\" content=\"Originario della Germania, E&#039; una delle razze canine pi\u00f9 amate, conosciute in Italia, nel mondo. Scopriamo insieme le caratteristiche che lo rendono unico..\" \/>\n<meta name=\"robots\" content=\"index, follow, max-snippet:-1, max-image-preview:large, max-video-preview:-1\" \/>\n<link rel=\"canonical\" href=\"https:\/\/istruttorecinofilo.it\/blog\/il-pastore-tedesco-fedele-e-versatile\/\" \/>\n<meta property=\"og:locale\" content=\"it_IT\" \/>\n<meta property=\"og:type\" content=\"article\" \/>\n<meta property=\"og:title\" content=\"Il Pastore Tedesco: fedele e versatile - Istruttore Cinofilo - Stefano Pesci\" \/>\n<meta property=\"og:description\" content=\"Originario della Germania, E&#039; una delle razze canine pi\u00f9 amate, conosciute in Italia, nel mondo. Scopriamo insieme le caratteristiche che lo rendono unico..\" \/>\n<meta property=\"og:url\" content=\"https:\/\/istruttorecinofilo.it\/blog\/il-pastore-tedesco-fedele-e-versatile\/\" \/>\n<meta property=\"og:site_name\" content=\"Istruttore Cinofilo - Stefano Pesci\" \/>\n<meta property=\"article:publisher\" content=\"https:\/\/www.facebook.com\/togetherdog\/\" \/>\n<meta property=\"article:published_time\" content=\"2024-12-16T13:02:36+00:00\" \/>\n<meta property=\"article:modified_time\" content=\"2024-12-27T15:06:31+00:00\" \/>\n<meta property=\"og:image\" content=\"https:\/\/istruttorecinofilo.it\/blog\/wp-content\/uploads\/2024\/12\/1_PASTORE_TEDESCO_ADULTO.jpeg\" \/>\n\t<meta property=\"og:image:width\" content=\"1280\" \/>\n\t<meta property=\"og:image:height\" content=\"914\" \/>\n\t<meta property=\"og:image:type\" content=\"image\/jpeg\" \/>\n<meta name=\"author\" content=\"Stefano Pesci\" \/>\n<meta name=\"twitter:card\" content=\"summary_large_image\" \/>\n<meta name=\"twitter:label1\" content=\"Scritto da\" \/>\n\t<meta name=\"twitter:data1\" content=\"Stefano Pesci\" \/>\n\t<meta name=\"twitter:label2\" content=\"Tempo di lettura stimato\" \/>\n\t<meta name=\"twitter:data2\" content=\"4 minuti\" \/>\n<script type=\"application\/ld+json\" class=\"yoast-schema-graph\">{\"@context\":\"https:\\\/\\\/schema.org\",\"@graph\":[{\"@type\":\"Article\",\"@id\":\"https:\\\/\\\/istruttorecinofilo.it\\\/blog\\\/il-pastore-tedesco-fedele-e-versatile\\\/#article\",\"isPartOf\":{\"@id\":\"https:\\\/\\\/istruttorecinofilo.it\\\/blog\\\/il-pastore-tedesco-fedele-e-versatile\\\/\"},\"author\":{\"name\":\"Stefano Pesci\",\"@id\":\"https:\\\/\\\/istruttorecinofilo.it\\\/blog\\\/#\\\/schema\\\/person\\\/f202513674f34af6e81fae0c45ab5195\"},\"headline\":\"Il Pastore Tedesco: fedele e versatile\",\"datePublished\":\"2024-12-16T13:02:36+00:00\",\"dateModified\":\"2024-12-27T15:06:31+00:00\",\"mainEntityOfPage\":{\"@id\":\"https:\\\/\\\/istruttorecinofilo.it\\\/blog\\\/il-pastore-tedesco-fedele-e-versatile\\\/\"},\"wordCount\":791,\"image\":{\"@id\":\"https:\\\/\\\/istruttorecinofilo.it\\\/blog\\\/il-pastore-tedesco-fedele-e-versatile\\\/#primaryimage\"},\"thumbnailUrl\":\"https:\\\/\\\/istruttorecinofilo.it\\\/blog\\\/wp-content\\\/uploads\\\/2024\\\/12\\\/1_PASTORE_TEDESCO_ADULTO.jpeg\",\"keywords\":[\"alimentazione\",\"comportamento\",\"educazione cinofila\",\"educazione cinofila comportamentale\",\"linguaggio\",\"nutrizione\",\"pastore tedesco\"],\"articleSection\":[\"Articoli\",\"Le Razze\"],\"inLanguage\":\"it-IT\"},{\"@type\":\"WebPage\",\"@id\":\"https:\\\/\\\/istruttorecinofilo.it\\\/blog\\\/il-pastore-tedesco-fedele-e-versatile\\\/\",\"url\":\"https:\\\/\\\/istruttorecinofilo.it\\\/blog\\\/il-pastore-tedesco-fedele-e-versatile\\\/\",\"name\":\"Il Pastore Tedesco: fedele e versatile - Istruttore Cinofilo - Stefano Pesci\",\"isPartOf\":{\"@id\":\"https:\\\/\\\/istruttorecinofilo.it\\\/blog\\\/#website\"},\"primaryImageOfPage\":{\"@id\":\"https:\\\/\\\/istruttorecinofilo.it\\\/blog\\\/il-pastore-tedesco-fedele-e-versatile\\\/#primaryimage\"},\"image\":{\"@id\":\"https:\\\/\\\/istruttorecinofilo.it\\\/blog\\\/il-pastore-tedesco-fedele-e-versatile\\\/#primaryimage\"},\"thumbnailUrl\":\"https:\\\/\\\/istruttorecinofilo.it\\\/blog\\\/wp-content\\\/uploads\\\/2024\\\/12\\\/1_PASTORE_TEDESCO_ADULTO.jpeg\",\"datePublished\":\"2024-12-16T13:02:36+00:00\",\"dateModified\":\"2024-12-27T15:06:31+00:00\",\"author\":{\"@id\":\"https:\\\/\\\/istruttorecinofilo.it\\\/blog\\\/#\\\/schema\\\/person\\\/f202513674f34af6e81fae0c45ab5195\"},\"description\":\"Originario della Germania, E' una delle razze canine pi\u00f9 amate, conosciute in Italia, nel mondo. Scopriamo insieme le caratteristiche che lo rendono unico..\",\"breadcrumb\":{\"@id\":\"https:\\\/\\\/istruttorecinofilo.it\\\/blog\\\/il-pastore-tedesco-fedele-e-versatile\\\/#breadcrumb\"},\"inLanguage\":\"it-IT\",\"potentialAction\":[{\"@type\":\"ReadAction\",\"target\":[\"https:\\\/\\\/istruttorecinofilo.it\\\/blog\\\/il-pastore-tedesco-fedele-e-versatile\\\/\"]}]},{\"@type\":\"ImageObject\",\"inLanguage\":\"it-IT\",\"@id\":\"https:\\\/\\\/istruttorecinofilo.it\\\/blog\\\/il-pastore-tedesco-fedele-e-versatile\\\/#primaryimage\",\"url\":\"https:\\\/\\\/istruttorecinofilo.it\\\/blog\\\/wp-content\\\/uploads\\\/2024\\\/12\\\/1_PASTORE_TEDESCO_ADULTO.jpeg\",\"contentUrl\":\"https:\\\/\\\/istruttorecinofilo.it\\\/blog\\\/wp-content\\\/uploads\\\/2024\\\/12\\\/1_PASTORE_TEDESCO_ADULTO.jpeg\",\"width\":1280,\"height\":914,\"caption\":\"Il Pastore Tedesco: fedele e versatile\"},{\"@type\":\"BreadcrumbList\",\"@id\":\"https:\\\/\\\/istruttorecinofilo.it\\\/blog\\\/il-pastore-tedesco-fedele-e-versatile\\\/#breadcrumb\",\"itemListElement\":[{\"@type\":\"ListItem\",\"position\":1,\"name\":\"Home\",\"item\":\"https:\\\/\\\/istruttorecinofilo.it\\\/blog\\\/\"},{\"@type\":\"ListItem\",\"position\":2,\"name\":\"Il Pastore Tedesco: fedele e versatile\"}]},{\"@type\":\"WebSite\",\"@id\":\"https:\\\/\\\/istruttorecinofilo.it\\\/blog\\\/#website\",\"url\":\"https:\\\/\\\/istruttorecinofilo.it\\\/blog\\\/\",\"name\":\"Istruttore Cinofilo - Stefano Pesci\",\"description\":\"Istruttore Educatore Cinofilo Comportamentale: Esperto in Microsegnali. La connessione \u00e8 un flusso bidirezionale: guidare l&#039;umano per comprendere il cane.\",\"potentialAction\":[{\"@type\":\"SearchAction\",\"target\":{\"@type\":\"EntryPoint\",\"urlTemplate\":\"https:\\\/\\\/istruttorecinofilo.it\\\/blog\\\/?s={search_term_string}\"},\"query-input\":{\"@type\":\"PropertyValueSpecification\",\"valueRequired\":true,\"valueName\":\"search_term_string\"}}],\"inLanguage\":\"it-IT\"},{\"@type\":\"Person\",\"@id\":\"https:\\\/\\\/istruttorecinofilo.it\\\/blog\\\/#\\\/schema\\\/person\\\/f202513674f34af6e81fae0c45ab5195\",\"name\":\"Stefano Pesci\",\"image\":{\"@type\":\"ImageObject\",\"inLanguage\":\"it-IT\",\"@id\":\"https:\\\/\\\/secure.gravatar.com\\\/avatar\\\/a072448102498535e2e9fe1fc1afd01b466f2cea85464ce381a65b2bfae96aa2?s=96&d=mm&r=g\",\"url\":\"https:\\\/\\\/secure.gravatar.com\\\/avatar\\\/a072448102498535e2e9fe1fc1afd01b466f2cea85464ce381a65b2bfae96aa2?s=96&d=mm&r=g\",\"contentUrl\":\"https:\\\/\\\/secure.gravatar.com\\\/avatar\\\/a072448102498535e2e9fe1fc1afd01b466f2cea85464ce381a65b2bfae96aa2?s=96&d=mm&r=g\",\"caption\":\"Stefano Pesci\"}}]}<\/script>\n<!-- \/ Yoast SEO plugin. -->","yoast_head_json":{"title":"Il Pastore Tedesco: fedele e versatile - Istruttore Cinofilo - Stefano Pesci","description":"Originario della Germania, E' una delle razze canine pi\u00f9 amate, conosciute in Italia, nel mondo. Scopriamo insieme le caratteristiche che lo rendono unico..","robots":{"index":"index","follow":"follow","max-snippet":"max-snippet:-1","max-image-preview":"max-image-preview:large","max-video-preview":"max-video-preview:-1"},"canonical":"https:\/\/istruttorecinofilo.it\/blog\/il-pastore-tedesco-fedele-e-versatile\/","og_locale":"it_IT","og_type":"article","og_title":"Il Pastore Tedesco: fedele e versatile - Istruttore Cinofilo - Stefano Pesci","og_description":"Originario della Germania, E' una delle razze canine pi\u00f9 amate, conosciute in Italia, nel mondo. Scopriamo insieme le caratteristiche che lo rendono unico..","og_url":"https:\/\/istruttorecinofilo.it\/blog\/il-pastore-tedesco-fedele-e-versatile\/","og_site_name":"Istruttore Cinofilo - Stefano Pesci","article_publisher":"https:\/\/www.facebook.com\/togetherdog\/","article_published_time":"2024-12-16T13:02:36+00:00","article_modified_time":"2024-12-27T15:06:31+00:00","og_image":[{"width":1280,"height":914,"url":"https:\/\/istruttorecinofilo.it\/blog\/wp-content\/uploads\/2024\/12\/1_PASTORE_TEDESCO_ADULTO.jpeg","type":"image\/jpeg"}],"author":"Stefano Pesci","twitter_card":"summary_large_image","twitter_misc":{"Scritto da":"Stefano Pesci","Tempo di lettura stimato":"4 minuti"},"schema":{"@context":"https:\/\/schema.org","@graph":[{"@type":"Article","@id":"https:\/\/istruttorecinofilo.it\/blog\/il-pastore-tedesco-fedele-e-versatile\/#article","isPartOf":{"@id":"https:\/\/istruttorecinofilo.it\/blog\/il-pastore-tedesco-fedele-e-versatile\/"},"author":{"name":"Stefano Pesci","@id":"https:\/\/istruttorecinofilo.it\/blog\/#\/schema\/person\/f202513674f34af6e81fae0c45ab5195"},"headline":"Il Pastore Tedesco: fedele e versatile","datePublished":"2024-12-16T13:02:36+00:00","dateModified":"2024-12-27T15:06:31+00:00","mainEntityOfPage":{"@id":"https:\/\/istruttorecinofilo.it\/blog\/il-pastore-tedesco-fedele-e-versatile\/"},"wordCount":791,"image":{"@id":"https:\/\/istruttorecinofilo.it\/blog\/il-pastore-tedesco-fedele-e-versatile\/#primaryimage"},"thumbnailUrl":"https:\/\/istruttorecinofilo.it\/blog\/wp-content\/uploads\/2024\/12\/1_PASTORE_TEDESCO_ADULTO.jpeg","keywords":["alimentazione","comportamento","educazione cinofila","educazione cinofila comportamentale","linguaggio","nutrizione","pastore tedesco"],"articleSection":["Articoli","Le Razze"],"inLanguage":"it-IT"},{"@type":"WebPage","@id":"https:\/\/istruttorecinofilo.it\/blog\/il-pastore-tedesco-fedele-e-versatile\/","url":"https:\/\/istruttorecinofilo.it\/blog\/il-pastore-tedesco-fedele-e-versatile\/","name":"Il Pastore Tedesco: fedele e versatile - Istruttore Cinofilo - Stefano Pesci","isPartOf":{"@id":"https:\/\/istruttorecinofilo.it\/blog\/#website"},"primaryImageOfPage":{"@id":"https:\/\/istruttorecinofilo.it\/blog\/il-pastore-tedesco-fedele-e-versatile\/#primaryimage"},"image":{"@id":"https:\/\/istruttorecinofilo.it\/blog\/il-pastore-tedesco-fedele-e-versatile\/#primaryimage"},"thumbnailUrl":"https:\/\/istruttorecinofilo.it\/blog\/wp-content\/uploads\/2024\/12\/1_PASTORE_TEDESCO_ADULTO.jpeg","datePublished":"2024-12-16T13:02:36+00:00","dateModified":"2024-12-27T15:06:31+00:00","author":{"@id":"https:\/\/istruttorecinofilo.it\/blog\/#\/schema\/person\/f202513674f34af6e81fae0c45ab5195"},"description":"Originario della Germania, E' una delle razze canine pi\u00f9 amate, conosciute in Italia, nel mondo. Scopriamo insieme le caratteristiche che lo rendono unico..","breadcrumb":{"@id":"https:\/\/istruttorecinofilo.it\/blog\/il-pastore-tedesco-fedele-e-versatile\/#breadcrumb"},"inLanguage":"it-IT","potentialAction":[{"@type":"ReadAction","target":["https:\/\/istruttorecinofilo.it\/blog\/il-pastore-tedesco-fedele-e-versatile\/"]}]},{"@type":"ImageObject","inLanguage":"it-IT","@id":"https:\/\/istruttorecinofilo.it\/blog\/il-pastore-tedesco-fedele-e-versatile\/#primaryimage","url":"https:\/\/istruttorecinofilo.it\/blog\/wp-content\/uploads\/2024\/12\/1_PASTORE_TEDESCO_ADULTO.jpeg","contentUrl":"https:\/\/istruttorecinofilo.it\/blog\/wp-content\/uploads\/2024\/12\/1_PASTORE_TEDESCO_ADULTO.jpeg","width":1280,"height":914,"caption":"Il Pastore Tedesco: fedele e versatile"},{"@type":"BreadcrumbList","@id":"https:\/\/istruttorecinofilo.it\/blog\/il-pastore-tedesco-fedele-e-versatile\/#breadcrumb","itemListElement":[{"@type":"ListItem","position":1,"name":"Home","item":"https:\/\/istruttorecinofilo.it\/blog\/"},{"@type":"ListItem","position":2,"name":"Il Pastore Tedesco: fedele e versatile"}]},{"@type":"WebSite","@id":"https:\/\/istruttorecinofilo.it\/blog\/#website","url":"https:\/\/istruttorecinofilo.it\/blog\/","name":"Istruttore Cinofilo - Stefano Pesci","description":"Istruttore Educatore Cinofilo Comportamentale: Esperto in Microsegnali. La connessione \u00e8 un flusso bidirezionale: guidare l&#039;umano per comprendere il cane.","potentialAction":[{"@type":"SearchAction","target":{"@type":"EntryPoint","urlTemplate":"https:\/\/istruttorecinofilo.it\/blog\/?s={search_term_string}"},"query-input":{"@type":"PropertyValueSpecification","valueRequired":true,"valueName":"search_term_string"}}],"inLanguage":"it-IT"},{"@type":"Person","@id":"https:\/\/istruttorecinofilo.it\/blog\/#\/schema\/person\/f202513674f34af6e81fae0c45ab5195","name":"Stefano Pesci","image":{"@type":"ImageObject","inLanguage":"it-IT","@id":"https:\/\/secure.gravatar.com\/avatar\/a072448102498535e2e9fe1fc1afd01b466f2cea85464ce381a65b2bfae96aa2?s=96&d=mm&r=g","url":"https:\/\/secure.gravatar.com\/avatar\/a072448102498535e2e9fe1fc1afd01b466f2cea85464ce381a65b2bfae96aa2?s=96&d=mm&r=g","contentUrl":"https:\/\/secure.gravatar.com\/avatar\/a072448102498535e2e9fe1fc1afd01b466f2cea85464ce381a65b2bfae96aa2?s=96&d=mm&r=g","caption":"Stefano Pesci"}}]}},"_links":{"self":[{"href":"https:\/\/istruttorecinofilo.it\/blog\/wp-json\/wp\/v2\/posts\/11385","targetHints":{"allow":["GET"]}}],"collection":[{"href":"https:\/\/istruttorecinofilo.it\/blog\/wp-json\/wp\/v2\/posts"}],"about":[{"href":"https:\/\/istruttorecinofilo.it\/blog\/wp-json\/wp\/v2\/types\/post"}],"author":[{"embeddable":true,"href":"https:\/\/istruttorecinofilo.it\/blog\/wp-json\/wp\/v2\/users\/1"}],"replies":[{"embeddable":true,"href":"https:\/\/istruttorecinofilo.it\/blog\/wp-json\/wp\/v2\/comments?post=11385"}],"version-history":[{"count":22,"href":"https:\/\/istruttorecinofilo.it\/blog\/wp-json\/wp\/v2\/posts\/11385\/revisions"}],"predecessor-version":[{"id":11738,"href":"https:\/\/istruttorecinofilo.it\/blog\/wp-json\/wp\/v2\/posts\/11385\/revisions\/11738"}],"wp:featuredmedia":[{"embeddable":true,"href":"https:\/\/istruttorecinofilo.it\/blog\/wp-json\/wp\/v2\/media\/11391"}],"wp:attachment":[{"href":"https:\/\/istruttorecinofilo.it\/blog\/wp-json\/wp\/v2\/media?parent=11385"}],"wp:term":[{"taxonomy":"category","embeddable":true,"href":"https:\/\/istruttorecinofilo.it\/blog\/wp-json\/wp\/v2\/categories?post=11385"},{"taxonomy":"post_tag","embeddable":true,"href":"https:\/\/istruttorecinofilo.it\/blog\/wp-json\/wp\/v2\/tags?post=11385"}],"curies":[{"name":"wp","href":"https:\/\/api.w.org\/{rel}","templated":true}]}}