{"id":12486,"date":"2025-03-05T18:42:08","date_gmt":"2025-03-05T17:42:08","guid":{"rendered":"https:\/\/istruttorecinofilo.it\/blog\/?p=12486"},"modified":"2025-03-05T15:36:46","modified_gmt":"2025-03-05T14:36:46","slug":"educazione-canina-verso-la-comprensione-in-valdarno-in-italia","status":"publish","type":"post","link":"https:\/\/istruttorecinofilo.it\/blog\/educazione-canina-verso-la-comprensione-in-valdarno-in-italia\/","title":{"rendered":"Educazione Canina: Verso la Comprensione in Valdarno in Italia"},"content":{"rendered":"<p>Nel cuore del Valdarno aretino e fiorentino, come in molte altre zone d&#8217;Italia, si assiste spesso a una confusione tra addestramento all&#8217;obbedienza di base ed educazione canina.<\/p>\n<p>Questa distinzione, cruciale per il benessere del cane e la sua relazione con il proprietario, merita un&#8217;attenta riflessione.<\/p>\n<p>L&#8217;educazione non \u00e8 per niente impartire comandi, ma mira a far emergere il meglio da ogni cane, anche attraverso le sane esperienze di vita, sviluppando il suo potenziale e costruendo una solida base di comprensione reciproca.<\/p>\n<h1>Educazione Canina: Oltre l&#8217;Obbedienza,Verso la Comprensione nel Valdarno e in Italia<\/h1>\n<h3>Il punto<\/h3>\n<ul>\n<li>Troppo spesso, nel Valdarno e altrove, si confonde l&#8217;addestramento all&#8217;obbedienza (seduto, terra, resta, vieni, condotta al piede, strattoni al guinzaglio) con la vera educazione.<\/li>\n<li>Questi comandi, forse utili in un campo di gara e\/o di addestramento ma inutili nella vita sociale del cane, rappresentano solo la punta dell&#8217;iceberg.<\/li>\n<li>I comandi, l&#8217;obbedienza..sono fini a se stessi, poich\u00e9 si basano esclusivamente sul controllo tuttavia non risolvono mai i problemi comportamentali del cane n\u00e8 migliorano la relazione.<\/li>\n<li>L&#8217;emozioni del cane non possono mai essere controllate, n\u00e8 devono essere soffocate dai comandi, da metodi\/strumenti coercitivi.<\/li>\n<li>L&#8217;educazione autentica va oltre, concentrandosi sulla crescita interiore del cane, sul riconoscere le emozioni, sullo sviluppo delle sue qualit\u00e0 innate e sulla costruzione di un legame profondo con il proprietario.<\/li>\n<\/ul>\n<h3>La differenza tra addestramento ed educazione:<\/h3>\n<ul>\n<li><strong>L&#8217;addestramento:<\/strong> si concentra sull&#8217;insegnamento di comandi specifici, mentre l&#8217;educazione mira a sviluppare la capacit\u00e0 del cane di comprendere il mondo che lo circonda e di interagire in modo positivo con esso.<\/li>\n<li><strong>L&#8217;importanza dell&#8217;esperienza e della comprensione:<\/strong> L&#8217;educazione si basa sull&#8217;esperienza, sulla comprensione e sullo sviluppo del potenziale del cane. Si tratta di un percorso di crescita interiore, sia per il cane che per il proprietario.<\/li>\n<li><strong>L&#8217;evitare metodi\/strumenti coercitivi:<\/strong> Nel Valdarno, come altrove, \u00e8 fondamentale evitare metodi\/strumenti coercitivi come minacce, punizioni e strumenti come collari a strozzo. Questi metodi possono causare dolore, stress, paura, frustrazione, rabbia, aggressivit\u00e0, ansia nel cane, compromettendo la sua relazione con il proprietario.<\/li>\n<li><strong>La scelta dell&#8217;educatore giusto:<\/strong> La scelta dell&#8217;educatore cinofilo \u00e8 cruciale. \u00c8 importante individuare una figura professionale che utilizzi metodi rispettosi, sani, creativi che si concentri sul benessere del cane e che aiuti il proprietario a crescere insieme al suo amico a quattro zampe.<\/li>\n<li><strong>La qualit\u00e0 degli educatori:<\/strong> Come in tutti i settori, esistono educatori cinofili mediocri ed eccellenti. \u00c8 responsabilit\u00e0 del proprietario informarsi e scegliere con cura, privilegiando il rispetto del benessere del cane, la qualit\u00e0, l&#8217;esperienza in ambito comportamentale, del benessere del cane.<\/li>\n<\/ul>\n<p><strong>L&#8217;educazione canina \u00e8 un viaggio di scoperta e crescita reciproca.<\/strong><\/p>\n<p><strong>Nel Valdarno, come in tutta Italia, \u00e8 essenziale superare la confusione tra addestramento e educazione, abbracciando un approccio rispettoso e consapevole.<\/strong><\/p>\n<p><strong>Scegliere un educatore qualificato e utilizzare metodi gentili sono passi fondamentali per costruire una relazione armoniosa e appagante con il proprio cane.<\/strong><\/p>\n<h3>Agisci ORA :<\/h3>\n<ol>\n<li><strong>Informati:<\/strong> Approfondisci la differenza tra addestramento ed educazione canina.<\/li>\n<li><strong>Scegli con cura:<\/strong> Ricerca un educatore cinofilo qualificato e con esperienza specifica in ambito comportamentale, del benessere del cane.<\/li>\n<li><strong>Evita la coercizione:<\/strong> Privilegia metodi sani rispettosi.del benessere del cane,<\/li>\n<li><strong>Cresci insieme:<\/strong> Vivi l&#8217;educazione canina come un&#8217;opportunit\u00e0 di crescita personale e di rafforzamento del legame con il tuo cane.<\/li>\n<\/ol>\n<p>Scopriamo insieme come usare la comprensione nell&#8217;Educazione Canina affinch\u00e9 possa migliorare la qualit\u00e0 di vita del tuo cane e la vostra insieme in modo Empatico, Responsabile!<\/p>\n<p><em><strong><a href=\"https:\/\/istruttorecinofilo.it\/blog\/contatti-dal-sito\/\">Contatta ORA \u00a0<\/a>Stefano Pesci<\/strong>, <strong><a href=\"https:\/\/istruttorecinofilo.it\/blog\/il-mio-diploma-norvegese\/\">Istruttore Educatore Cinofilo Comportamentale !<\/a><\/strong><\/em><\/p>\n<p><strong>\u00a0Chiedimi pure!<\/strong><\/p>\n<p>Stefano<br \/>\n<span class=\"x1xsqp64 xiy17q3 x1o6pynw x19co3pv xdj266r xcwd3tp xat24cr x39eecv x2b8uid\" data-testid=\"emoji\"><span class=\"xexx8yu xn5pp95 x18d9i69 x2fxd7x x3jgonx x1bhl96m\">\u2764\ufe0f<\/span><\/span><span class=\"x1xsqp64 xiy17q3 x1o6pynw x19co3pv xdj266r xcwd3tp xat24cr x39eecv x2b8uid\" data-testid=\"emoji\"><span class=\"xexx8yu xn5pp95 x18d9i69 x2fxd7x x3jgonx x1bhl96m\">\ud83d\ude4f<\/span><\/span><span class=\"x1xsqp64 xiy17q3 x1o6pynw x19co3pv xdj266r xcwd3tp xat24cr x39eecv x2b8uid\" data-testid=\"emoji\"><span class=\"xexx8yu xn5pp95 x18d9i69 x2fxd7x x3jgonx x1bhl96m\">\ud83d\udc3e<\/span><\/span><span class=\"x1xsqp64 xiy17q3 x1o6pynw x19co3pv xdj266r xcwd3tp xat24cr x39eecv x2b8uid\" data-testid=\"emoji\"><span class=\"xexx8yu xn5pp95 x18d9i69 x2fxd7x x3jgonx x1bhl96m\">\ud83d\udc3e<\/span><\/span><span class=\"x1xsqp64 xiy17q3 x1o6pynw x19co3pv xdj266r xcwd3tp xat24cr x39eecv x2b8uid\" data-testid=\"emoji\"><span class=\"xexx8yu xn5pp95 x18d9i69 x2fxd7x x3jgonx x1bhl96m\">\ud83d\udc3e<\/span><\/span><\/p>\n<div class=\"x11i5rnm xat24cr x1mh8g0r x1vvkbs xtlvy1s x126k92a\">\n<div dir=\"auto\">Stefano Pesci<\/div>\n<ul>\n<li dir=\"auto\"><a href=\"https:\/\/istruttorecinofilo.it\/blog\/educatore-cinofilo-comportamentale\/\">Istruttore Educatore Cinofilo Comportamentale<\/a><\/li>\n<li dir=\"auto\"><a href=\"https:\/\/istruttorecinofilo.it\/blog\/il-mio-diploma-norvegese\/\">Specializzazione Norvegese<\/a> (benessere, risoluzioni problemi, segnali calmanti, stress, abbaio, paure, aggressivit\u00e0, cani cuccioli, cani adulti)<\/li>\n<li dir=\"auto\">Ideatore del <a href=\"https:\/\/istruttorecinofilo.it\/blog\/togetherdog-approach\/\">metodo Togetherdog<\/a><\/li>\n<li dir=\"auto\"><a href=\"https:\/\/istruttorecinofilo.it\/blog\/consulente-esperto-cibo-sano-per-cane-e-gatto\/\">Consulente Alimentare Cibo Sano Vitale per Cani e Gatti\u00a0<\/a><\/li>\n<\/ul>\n<\/div>\n<ul>\n<li dir=\"auto\"><a href=\"https:\/\/istruttorecinofilo.it\/blog\/contatti-dal-sito\/\">CONTATTI<\/a><\/li>\n<\/ul>\n<p>&nbsp;<\/p>\n<h3>Potrebbe interessarti leggere:<\/h3>\n<ul>\n<li><strong><a href=\"https:\/\/istruttorecinofilo.it\/blog\/testimonianze-privati-famiglie\/\">TESTIMONIANZE\u00a0<\/a><\/strong><\/li>\n<\/ul>\n<p>&nbsp;<\/p>\n<p>Cane &#8211; <a href=\"https:\/\/istruttorecinofilo.it\/blog\/educatore-cinofilo-comportamentale\/\">Educazione<\/a>\u00a0 &#8211; <a href=\"https:\/\/istruttorecinofilo.it\/blog\/il-mio-diploma-norvegese\/\">Comportamento<\/a> &#8211; <a href=\"https:\/\/istruttorecinofilo.it\/blog\/togetherdog-approach\/\">Addestramento<\/a> &#8211; <a href=\"https:\/\/istruttorecinofilo.it\/blog\/consulente-esperto-cibo-sano-per-cane-e-gatto\/\">Alimentazione<\/a> &#8211; Storie -Notizie -Valdarno &#8211; Arezzo &#8211; Toscana &#8211; Italia<\/p>\n<p>Educazione canina, Addestramento cani, Valdarno, Comportamento canino, Benessere animale, Metodi gentili, Educatore cinofilo, Collare a strozzo, Obbedienza cane, relazione cane proprietario.<\/p>\n","protected":false},"excerpt":{"rendered":"<p>Nel cuore del Valdarno aretino e fiorentino, come in molte altre zone d&#8217;Italia, si assiste spesso a una confusione tra addestramento all&#8217;obbedienza di base ed [&hellip;]<\/p>\n","protected":false},"author":1,"featured_media":12213,"comment_status":"closed","ping_status":"closed","sticky":false,"template":"","format":"standard","meta":{"footnotes":""},"categories":[315,339,1687,151],"tags":[163,2246,185,2042,192,2320,2321,2322,2261,160],"class_list":["post-12486","post","type-post","status-publish","format-standard","has-post-thumbnail","hentry","category-articoli","category-detto-da-me","category-educazione-cinofila-evolutiva-togetherdog-in-valdarno","category-le-mie-riflessioni-citazioni-pensieri-sul-cane","tag-addestramento-cani","tag-benessere-animale","tag-collare-a-strozzo","tag-comportamento-canino","tag-educatore-cinofilo","tag-educazione-canina","tag-metodi-gentili","tag-obbedienza-cane","tag-relazione-cane-proprietario","tag-valdarno"],"yoast_head":"<!-- This site is optimized with the Yoast SEO plugin v27.9 - https:\/\/yoast.com\/product\/yoast-seo-wordpress\/ -->\n<title>Educazione Canina: Verso la Comprensione in Valdarno in Italia - Istruttore Cinofilo - Stefano Pesci<\/title>\n<meta name=\"robots\" content=\"index, follow, max-snippet:-1, max-image-preview:large, max-video-preview:-1\" \/>\n<link rel=\"canonical\" href=\"https:\/\/istruttorecinofilo.it\/blog\/educazione-canina-verso-la-comprensione-in-valdarno-in-italia\/\" \/>\n<meta property=\"og:locale\" content=\"it_IT\" \/>\n<meta property=\"og:type\" content=\"article\" \/>\n<meta property=\"og:title\" content=\"Educazione Canina: Verso la Comprensione in Valdarno in Italia - Istruttore Cinofilo - Stefano Pesci\" \/>\n<meta property=\"og:description\" content=\"Nel cuore del Valdarno aretino e fiorentino, come in molte altre zone d&#8217;Italia, si assiste spesso a una confusione tra addestramento all&#8217;obbedienza di base ed [&hellip;]\" \/>\n<meta property=\"og:url\" content=\"https:\/\/istruttorecinofilo.it\/blog\/educazione-canina-verso-la-comprensione-in-valdarno-in-italia\/\" \/>\n<meta property=\"og:site_name\" content=\"Istruttore Cinofilo - Stefano Pesci\" \/>\n<meta property=\"article:publisher\" content=\"https:\/\/www.facebook.com\/togetherdog\/\" \/>\n<meta property=\"article:published_time\" content=\"2025-03-05T17:42:08+00:00\" \/>\n<meta property=\"og:image\" content=\"https:\/\/istruttorecinofilo.it\/blog\/wp-content\/uploads\/2025\/02\/3_CANI_SEGNALI_CALMANTI_ISTRUTTORE_STEFANO_PESCI.jpeg\" \/>\n\t<meta property=\"og:image:width\" content=\"1280\" \/>\n\t<meta property=\"og:image:height\" content=\"822\" \/>\n\t<meta property=\"og:image:type\" content=\"image\/jpeg\" \/>\n<meta name=\"author\" content=\"Stefano Pesci\" \/>\n<meta name=\"twitter:card\" content=\"summary_large_image\" \/>\n<meta name=\"twitter:label1\" content=\"Scritto da\" \/>\n\t<meta name=\"twitter:data1\" content=\"Stefano Pesci\" \/>\n\t<meta name=\"twitter:label2\" content=\"Tempo di lettura stimato\" \/>\n\t<meta name=\"twitter:data2\" content=\"3 minuti\" \/>\n<script type=\"application\/ld+json\" class=\"yoast-schema-graph\">{\"@context\":\"https:\\\/\\\/schema.org\",\"@graph\":[{\"@type\":\"Article\",\"@id\":\"https:\\\/\\\/istruttorecinofilo.it\\\/blog\\\/educazione-canina-verso-la-comprensione-in-valdarno-in-italia\\\/#article\",\"isPartOf\":{\"@id\":\"https:\\\/\\\/istruttorecinofilo.it\\\/blog\\\/educazione-canina-verso-la-comprensione-in-valdarno-in-italia\\\/\"},\"author\":{\"name\":\"Stefano Pesci\",\"@id\":\"https:\\\/\\\/istruttorecinofilo.it\\\/blog\\\/#\\\/schema\\\/person\\\/f202513674f34af6e81fae0c45ab5195\"},\"headline\":\"Educazione Canina: Verso la Comprensione in Valdarno in Italia\",\"datePublished\":\"2025-03-05T17:42:08+00:00\",\"mainEntityOfPage\":{\"@id\":\"https:\\\/\\\/istruttorecinofilo.it\\\/blog\\\/educazione-canina-verso-la-comprensione-in-valdarno-in-italia\\\/\"},\"wordCount\":676,\"image\":{\"@id\":\"https:\\\/\\\/istruttorecinofilo.it\\\/blog\\\/educazione-canina-verso-la-comprensione-in-valdarno-in-italia\\\/#primaryimage\"},\"thumbnailUrl\":\"https:\\\/\\\/istruttorecinofilo.it\\\/blog\\\/wp-content\\\/uploads\\\/2025\\\/02\\\/3_CANI_SEGNALI_CALMANTI_ISTRUTTORE_STEFANO_PESCI.jpeg\",\"keywords\":[\"addestramento cani\",\"benessere animale\",\"collare a strozzo\",\"comportamento canino\",\"educatore cinofilo\",\"Educazione canina\",\"Metodi gentili\",\"Obbedienza cane\",\"Relazione cane-proprietario\",\"valdarno\"],\"articleSection\":[\"Articoli\",\"Detto da me\",\"Educazione Cinofila Evolutiva Togetherdog in Valdarno\",\"Le mie Riflessioni Relazione Uomo Cane\"],\"inLanguage\":\"it-IT\"},{\"@type\":\"WebPage\",\"@id\":\"https:\\\/\\\/istruttorecinofilo.it\\\/blog\\\/educazione-canina-verso-la-comprensione-in-valdarno-in-italia\\\/\",\"url\":\"https:\\\/\\\/istruttorecinofilo.it\\\/blog\\\/educazione-canina-verso-la-comprensione-in-valdarno-in-italia\\\/\",\"name\":\"Educazione Canina: Verso la Comprensione in Valdarno in Italia - Istruttore Cinofilo - Stefano Pesci\",\"isPartOf\":{\"@id\":\"https:\\\/\\\/istruttorecinofilo.it\\\/blog\\\/#website\"},\"primaryImageOfPage\":{\"@id\":\"https:\\\/\\\/istruttorecinofilo.it\\\/blog\\\/educazione-canina-verso-la-comprensione-in-valdarno-in-italia\\\/#primaryimage\"},\"image\":{\"@id\":\"https:\\\/\\\/istruttorecinofilo.it\\\/blog\\\/educazione-canina-verso-la-comprensione-in-valdarno-in-italia\\\/#primaryimage\"},\"thumbnailUrl\":\"https:\\\/\\\/istruttorecinofilo.it\\\/blog\\\/wp-content\\\/uploads\\\/2025\\\/02\\\/3_CANI_SEGNALI_CALMANTI_ISTRUTTORE_STEFANO_PESCI.jpeg\",\"datePublished\":\"2025-03-05T17:42:08+00:00\",\"author\":{\"@id\":\"https:\\\/\\\/istruttorecinofilo.it\\\/blog\\\/#\\\/schema\\\/person\\\/f202513674f34af6e81fae0c45ab5195\"},\"breadcrumb\":{\"@id\":\"https:\\\/\\\/istruttorecinofilo.it\\\/blog\\\/educazione-canina-verso-la-comprensione-in-valdarno-in-italia\\\/#breadcrumb\"},\"inLanguage\":\"it-IT\",\"potentialAction\":[{\"@type\":\"ReadAction\",\"target\":[\"https:\\\/\\\/istruttorecinofilo.it\\\/blog\\\/educazione-canina-verso-la-comprensione-in-valdarno-in-italia\\\/\"]}]},{\"@type\":\"ImageObject\",\"inLanguage\":\"it-IT\",\"@id\":\"https:\\\/\\\/istruttorecinofilo.it\\\/blog\\\/educazione-canina-verso-la-comprensione-in-valdarno-in-italia\\\/#primaryimage\",\"url\":\"https:\\\/\\\/istruttorecinofilo.it\\\/blog\\\/wp-content\\\/uploads\\\/2025\\\/02\\\/3_CANI_SEGNALI_CALMANTI_ISTRUTTORE_STEFANO_PESCI.jpeg\",\"contentUrl\":\"https:\\\/\\\/istruttorecinofilo.it\\\/blog\\\/wp-content\\\/uploads\\\/2025\\\/02\\\/3_CANI_SEGNALI_CALMANTI_ISTRUTTORE_STEFANO_PESCI.jpeg\",\"width\":1280,\"height\":822,\"caption\":\"Rugaas Turid Parlare con i cani: segnali calmanti\"},{\"@type\":\"BreadcrumbList\",\"@id\":\"https:\\\/\\\/istruttorecinofilo.it\\\/blog\\\/educazione-canina-verso-la-comprensione-in-valdarno-in-italia\\\/#breadcrumb\",\"itemListElement\":[{\"@type\":\"ListItem\",\"position\":1,\"name\":\"Home\",\"item\":\"https:\\\/\\\/istruttorecinofilo.it\\\/blog\\\/\"},{\"@type\":\"ListItem\",\"position\":2,\"name\":\"Educazione Canina: Verso la Comprensione in Valdarno in Italia\"}]},{\"@type\":\"WebSite\",\"@id\":\"https:\\\/\\\/istruttorecinofilo.it\\\/blog\\\/#website\",\"url\":\"https:\\\/\\\/istruttorecinofilo.it\\\/blog\\\/\",\"name\":\"Istruttore Cinofilo - Stefano Pesci\",\"description\":\"Istruttore Educatore Cinofilo Comportamentale: Esperto in Microsegnali. La connessione \u00e8 un flusso bidirezionale: guidare l&#039;umano per comprendere il cane.\",\"potentialAction\":[{\"@type\":\"SearchAction\",\"target\":{\"@type\":\"EntryPoint\",\"urlTemplate\":\"https:\\\/\\\/istruttorecinofilo.it\\\/blog\\\/?s={search_term_string}\"},\"query-input\":{\"@type\":\"PropertyValueSpecification\",\"valueRequired\":true,\"valueName\":\"search_term_string\"}}],\"inLanguage\":\"it-IT\"},{\"@type\":\"Person\",\"@id\":\"https:\\\/\\\/istruttorecinofilo.it\\\/blog\\\/#\\\/schema\\\/person\\\/f202513674f34af6e81fae0c45ab5195\",\"name\":\"Stefano Pesci\",\"image\":{\"@type\":\"ImageObject\",\"inLanguage\":\"it-IT\",\"@id\":\"https:\\\/\\\/secure.gravatar.com\\\/avatar\\\/a072448102498535e2e9fe1fc1afd01b466f2cea85464ce381a65b2bfae96aa2?s=96&d=mm&r=g\",\"url\":\"https:\\\/\\\/secure.gravatar.com\\\/avatar\\\/a072448102498535e2e9fe1fc1afd01b466f2cea85464ce381a65b2bfae96aa2?s=96&d=mm&r=g\",\"contentUrl\":\"https:\\\/\\\/secure.gravatar.com\\\/avatar\\\/a072448102498535e2e9fe1fc1afd01b466f2cea85464ce381a65b2bfae96aa2?s=96&d=mm&r=g\",\"caption\":\"Stefano Pesci\"}}]}<\/script>\n<!-- \/ Yoast SEO plugin. -->","yoast_head_json":{"title":"Educazione Canina: Verso la Comprensione in Valdarno in Italia - Istruttore Cinofilo - Stefano Pesci","robots":{"index":"index","follow":"follow","max-snippet":"max-snippet:-1","max-image-preview":"max-image-preview:large","max-video-preview":"max-video-preview:-1"},"canonical":"https:\/\/istruttorecinofilo.it\/blog\/educazione-canina-verso-la-comprensione-in-valdarno-in-italia\/","og_locale":"it_IT","og_type":"article","og_title":"Educazione Canina: Verso la Comprensione in Valdarno in Italia - Istruttore Cinofilo - Stefano Pesci","og_description":"Nel cuore del Valdarno aretino e fiorentino, come in molte altre zone d&#8217;Italia, si assiste spesso a una confusione tra addestramento all&#8217;obbedienza di base ed [&hellip;]","og_url":"https:\/\/istruttorecinofilo.it\/blog\/educazione-canina-verso-la-comprensione-in-valdarno-in-italia\/","og_site_name":"Istruttore Cinofilo - Stefano Pesci","article_publisher":"https:\/\/www.facebook.com\/togetherdog\/","article_published_time":"2025-03-05T17:42:08+00:00","og_image":[{"width":1280,"height":822,"url":"https:\/\/istruttorecinofilo.it\/blog\/wp-content\/uploads\/2025\/02\/3_CANI_SEGNALI_CALMANTI_ISTRUTTORE_STEFANO_PESCI.jpeg","type":"image\/jpeg"}],"author":"Stefano Pesci","twitter_card":"summary_large_image","twitter_misc":{"Scritto da":"Stefano Pesci","Tempo di lettura stimato":"3 minuti"},"schema":{"@context":"https:\/\/schema.org","@graph":[{"@type":"Article","@id":"https:\/\/istruttorecinofilo.it\/blog\/educazione-canina-verso-la-comprensione-in-valdarno-in-italia\/#article","isPartOf":{"@id":"https:\/\/istruttorecinofilo.it\/blog\/educazione-canina-verso-la-comprensione-in-valdarno-in-italia\/"},"author":{"name":"Stefano Pesci","@id":"https:\/\/istruttorecinofilo.it\/blog\/#\/schema\/person\/f202513674f34af6e81fae0c45ab5195"},"headline":"Educazione Canina: Verso la Comprensione in Valdarno in Italia","datePublished":"2025-03-05T17:42:08+00:00","mainEntityOfPage":{"@id":"https:\/\/istruttorecinofilo.it\/blog\/educazione-canina-verso-la-comprensione-in-valdarno-in-italia\/"},"wordCount":676,"image":{"@id":"https:\/\/istruttorecinofilo.it\/blog\/educazione-canina-verso-la-comprensione-in-valdarno-in-italia\/#primaryimage"},"thumbnailUrl":"https:\/\/istruttorecinofilo.it\/blog\/wp-content\/uploads\/2025\/02\/3_CANI_SEGNALI_CALMANTI_ISTRUTTORE_STEFANO_PESCI.jpeg","keywords":["addestramento cani","benessere animale","collare a strozzo","comportamento canino","educatore cinofilo","Educazione canina","Metodi gentili","Obbedienza cane","Relazione cane-proprietario","valdarno"],"articleSection":["Articoli","Detto da me","Educazione Cinofila Evolutiva Togetherdog in Valdarno","Le mie Riflessioni Relazione Uomo Cane"],"inLanguage":"it-IT"},{"@type":"WebPage","@id":"https:\/\/istruttorecinofilo.it\/blog\/educazione-canina-verso-la-comprensione-in-valdarno-in-italia\/","url":"https:\/\/istruttorecinofilo.it\/blog\/educazione-canina-verso-la-comprensione-in-valdarno-in-italia\/","name":"Educazione Canina: Verso la Comprensione in Valdarno in Italia - Istruttore Cinofilo - Stefano Pesci","isPartOf":{"@id":"https:\/\/istruttorecinofilo.it\/blog\/#website"},"primaryImageOfPage":{"@id":"https:\/\/istruttorecinofilo.it\/blog\/educazione-canina-verso-la-comprensione-in-valdarno-in-italia\/#primaryimage"},"image":{"@id":"https:\/\/istruttorecinofilo.it\/blog\/educazione-canina-verso-la-comprensione-in-valdarno-in-italia\/#primaryimage"},"thumbnailUrl":"https:\/\/istruttorecinofilo.it\/blog\/wp-content\/uploads\/2025\/02\/3_CANI_SEGNALI_CALMANTI_ISTRUTTORE_STEFANO_PESCI.jpeg","datePublished":"2025-03-05T17:42:08+00:00","author":{"@id":"https:\/\/istruttorecinofilo.it\/blog\/#\/schema\/person\/f202513674f34af6e81fae0c45ab5195"},"breadcrumb":{"@id":"https:\/\/istruttorecinofilo.it\/blog\/educazione-canina-verso-la-comprensione-in-valdarno-in-italia\/#breadcrumb"},"inLanguage":"it-IT","potentialAction":[{"@type":"ReadAction","target":["https:\/\/istruttorecinofilo.it\/blog\/educazione-canina-verso-la-comprensione-in-valdarno-in-italia\/"]}]},{"@type":"ImageObject","inLanguage":"it-IT","@id":"https:\/\/istruttorecinofilo.it\/blog\/educazione-canina-verso-la-comprensione-in-valdarno-in-italia\/#primaryimage","url":"https:\/\/istruttorecinofilo.it\/blog\/wp-content\/uploads\/2025\/02\/3_CANI_SEGNALI_CALMANTI_ISTRUTTORE_STEFANO_PESCI.jpeg","contentUrl":"https:\/\/istruttorecinofilo.it\/blog\/wp-content\/uploads\/2025\/02\/3_CANI_SEGNALI_CALMANTI_ISTRUTTORE_STEFANO_PESCI.jpeg","width":1280,"height":822,"caption":"Rugaas Turid Parlare con i cani: segnali calmanti"},{"@type":"BreadcrumbList","@id":"https:\/\/istruttorecinofilo.it\/blog\/educazione-canina-verso-la-comprensione-in-valdarno-in-italia\/#breadcrumb","itemListElement":[{"@type":"ListItem","position":1,"name":"Home","item":"https:\/\/istruttorecinofilo.it\/blog\/"},{"@type":"ListItem","position":2,"name":"Educazione Canina: Verso la Comprensione in Valdarno in Italia"}]},{"@type":"WebSite","@id":"https:\/\/istruttorecinofilo.it\/blog\/#website","url":"https:\/\/istruttorecinofilo.it\/blog\/","name":"Istruttore Cinofilo - Stefano Pesci","description":"Istruttore Educatore Cinofilo Comportamentale: Esperto in Microsegnali. La connessione \u00e8 un flusso bidirezionale: guidare l&#039;umano per comprendere il cane.","potentialAction":[{"@type":"SearchAction","target":{"@type":"EntryPoint","urlTemplate":"https:\/\/istruttorecinofilo.it\/blog\/?s={search_term_string}"},"query-input":{"@type":"PropertyValueSpecification","valueRequired":true,"valueName":"search_term_string"}}],"inLanguage":"it-IT"},{"@type":"Person","@id":"https:\/\/istruttorecinofilo.it\/blog\/#\/schema\/person\/f202513674f34af6e81fae0c45ab5195","name":"Stefano Pesci","image":{"@type":"ImageObject","inLanguage":"it-IT","@id":"https:\/\/secure.gravatar.com\/avatar\/a072448102498535e2e9fe1fc1afd01b466f2cea85464ce381a65b2bfae96aa2?s=96&d=mm&r=g","url":"https:\/\/secure.gravatar.com\/avatar\/a072448102498535e2e9fe1fc1afd01b466f2cea85464ce381a65b2bfae96aa2?s=96&d=mm&r=g","contentUrl":"https:\/\/secure.gravatar.com\/avatar\/a072448102498535e2e9fe1fc1afd01b466f2cea85464ce381a65b2bfae96aa2?s=96&d=mm&r=g","caption":"Stefano Pesci"}}]}},"_links":{"self":[{"href":"https:\/\/istruttorecinofilo.it\/blog\/wp-json\/wp\/v2\/posts\/12486","targetHints":{"allow":["GET"]}}],"collection":[{"href":"https:\/\/istruttorecinofilo.it\/blog\/wp-json\/wp\/v2\/posts"}],"about":[{"href":"https:\/\/istruttorecinofilo.it\/blog\/wp-json\/wp\/v2\/types\/post"}],"author":[{"embeddable":true,"href":"https:\/\/istruttorecinofilo.it\/blog\/wp-json\/wp\/v2\/users\/1"}],"replies":[{"embeddable":true,"href":"https:\/\/istruttorecinofilo.it\/blog\/wp-json\/wp\/v2\/comments?post=12486"}],"version-history":[{"count":17,"href":"https:\/\/istruttorecinofilo.it\/blog\/wp-json\/wp\/v2\/posts\/12486\/revisions"}],"predecessor-version":[{"id":12504,"href":"https:\/\/istruttorecinofilo.it\/blog\/wp-json\/wp\/v2\/posts\/12486\/revisions\/12504"}],"wp:featuredmedia":[{"embeddable":true,"href":"https:\/\/istruttorecinofilo.it\/blog\/wp-json\/wp\/v2\/media\/12213"}],"wp:attachment":[{"href":"https:\/\/istruttorecinofilo.it\/blog\/wp-json\/wp\/v2\/media?parent=12486"}],"wp:term":[{"taxonomy":"category","embeddable":true,"href":"https:\/\/istruttorecinofilo.it\/blog\/wp-json\/wp\/v2\/categories?post=12486"},{"taxonomy":"post_tag","embeddable":true,"href":"https:\/\/istruttorecinofilo.it\/blog\/wp-json\/wp\/v2\/tags?post=12486"}],"curies":[{"name":"wp","href":"https:\/\/api.w.org\/{rel}","templated":true}]}}