{"id":12989,"date":"2025-08-21T11:42:46","date_gmt":"2025-08-21T09:42:46","guid":{"rendered":"https:\/\/istruttorecinofilo.it\/blog\/?p=12989"},"modified":"2026-06-16T21:17:15","modified_gmt":"2026-06-16T19:17:15","slug":"la-corsa-piu-bella-del-mondo-zara","status":"publish","type":"post","link":"https:\/\/istruttorecinofilo.it\/blog\/la-corsa-piu-bella-del-mondo-zara\/","title":{"rendered":"La corsa pi\u00f9 bella del mondo: Zara"},"content":{"rendered":"<p>Il 4 giugno 2025 \u00e8 una data che ha segnato l&#8217;inizio di una nuova vita, non solo per me, ma soprattutto per Zara il mio nuovo cane.<\/p>\n<p>Zara 9 anni di esistenza, di cui 5 trascorsi nell&#8217;oscurit\u00e0 di un sottoscala e 4\u00a0 nell&#8217;attesa di un canile. Una storia come tante, purtroppo, ma anche una storia destinata a un finale diverso.<\/p>\n<p>In qualit\u00e0 di Istruttore Educatore Cinofilo Comportamentale, specializzazione norvegese, con un&#8217;esperienza che si estende dal 2002, ho visto molti cani e molte trasformazioni.<\/p>\n<p>Ma quella che ho documentato in un recente video supera ogni aspettativa.<\/p>\n<h2>La corsa pi\u00f9 bella del mondo: Zara, la fiducia oltre ogni passato<\/h2>\n<p>La scena si svolge in un campo aperto, uno spazio di libert\u00e0 e possibilit\u00e0. Zara \u00e8 a circa 70 metri di distanza, un punto quasi impercettibile all&#8217;orizzonte. Il mio richiamo, &#8220;Zara!&#8221;, non \u00e8 solo un suono, ma una <b>parola chiave<\/b> per lei. E la sua reazione \u00e8 stata, semplicemente, esplosiva. Una <b>risposta<\/b> immediata, ultraveloce, un <b>richiamo perfetto<\/b> che ha trasformato l&#8217;inerzia in movimento puro.<\/p>\n<p>La sua corsa \u00e8 stata cos\u00ec potente da sollevare una vera e propria <b>nuvola di polvere<\/b>, un segno visibile e tangibile della sua gioia incontenibile. Era la libert\u00e0 che prendeva forma, un <b>messaggio chiaro<\/b> di fiducia e felicit\u00e0.<\/p>\n<p>La velocit\u00e0 non era un&#8217;azione dettata dalla paura o dall&#8217;ansia, ma una <b>corsa<\/b> piena di gioia. Era come se ogni metro percorso cancellasse un anno di quel passato difficile. La <b>trasformazione<\/b> di Zara, da un&#8217;esistenza buia e limitata a una vita di corsa e amore, \u00e8 una testimonianza del potere della fiducia. Questo <b>legame speciale<\/b> non si costruisce in un giorno, ma \u00e8 il risultato di un lavoro costante, di comprensione e di un <b>metodo<\/b> basato sul benessere del cane.<\/p>\n<p>Quando \u00e8 arrivata da me, la sua corsa non si \u00e8 fermata bruscamente, ma ha avuto un finale coreografico: una <b>derapata<\/b>, un arresto elegante e preciso, seguito da un festoso <b>scodinzolio<\/b>. Un gesto che parlava pi\u00f9 di mille parole. La sua felicit\u00e0 non era solo negli occhi, ma nell&#8217;intero corpo. Questo evento \u00e8 la <b>prova<\/b> che, con la giusta guida e un cuore aperto, ogni cane pu\u00f2 superare il proprio passato.<\/p>\n<p>&nbsp;<\/p>\n<h3>Video 1 : <a href=\"https:\/\/youtube.com\/shorts\/rwimx4y-k3I\">La reazione di Zara al mio richiamo<\/a><\/h3>\n<p>&nbsp;<\/p>\n<h3>Video 2 : <a href=\"https:\/\/youtu.be\/OSZZA3qEYvk\">Quando\u00a0 Zara si allontana ?<\/a><\/h3>\n<div class=\"video-shortcode\"><iframe title=\"Quando Zara si allontana  ? \" width=\"1170\" height=\"658\" src=\"https:\/\/www.youtube.com\/embed\/OSZZA3qEYvk?feature=oembed\" frameborder=\"0\" allow=\"accelerometer; autoplay; clipboard-write; encrypted-media; gyroscope; picture-in-picture; web-share\" referrerpolicy=\"strict-origin-when-cross-origin\" allowfullscreen><\/iframe><\/div>\n<p>&nbsp;<\/p>\n<h4>Le mie riflessioni<\/h4>\n<p>Come\u00a0 Istruttore Educatore Cinofilo Comportamentale , questo momento mi ha dato una profonda <b>riflessione<\/b>.<\/p>\n<p>Molti pensano che i cani con un passato difficile siano &#8220;rovinati&#8221; o incapaci di recuperare. La storia di Zara dimostra il contrario.<\/p>\n<p>La sua <b>resilienza<\/b> \u00e8 un faro di speranza per chiunque stia pensando di adottare un cane adulto. Non \u00e8 solo il cane a essere salvato, ma anche l&#8217;essere umano che, attraverso questa esperienza, riceve una lezione di vita inestimabile.<\/p>\n<p>La sua gioia esplosiva \u00e8 un monito: dare una seconda chance non \u00e8 solo un atto di carit\u00e0, ma un <b>investimento<\/b> nella felicit\u00e0, sia nostra che loro.<\/p>\n<h4>Conclusioni e azioni<\/h4>\n<p>Questa storia, questo video, non sono solo un bel ricordo. Sono un <b>esempio concreto<\/b> del lavoro che faccio ogni giorno e della filosofia che porto avanti.<\/p>\n<blockquote><p>&#8220;Spero che la storia di Zara possa ispirarvi.&#8221;<\/p><\/blockquote>\n<p>&nbsp;<\/p>\n<blockquote><p>Se volete costruire un legame cos\u00ec profondo con il vostro cane, non esitate a contattarmi.<\/p><\/blockquote>\n<p><strong>Sono qui per aiutarvi a comprendere<\/strong> i vostri amici a quattro zampe e a costruire con loro un rapporto di fiducia e amore.<\/p>\n<p><b>Contattami oggi<\/b> per una consulenza e scopri come trasformare anche tu la vita del tuo cane, proprio come \u00e8 successo con Zara.<\/p>\n<p>&nbsp;<\/p>\n<p><em><strong><a href=\"https:\/\/istruttorecinofilo.it\/blog\/contatti-dal-sito\/\">Contatta ORA \u00a0<\/a>Stefano Pesci<\/strong>, <strong><a href=\"https:\/\/istruttorecinofilo.it\/blog\/il-mio-diploma-norvegese\/\">Istruttore Educatore Cinofilo Comportamentale !<\/a><\/strong><\/em><\/p>\n<p><strong>\u00a0Chiedimi pure!<\/strong><\/p>\n<p>Stefano<br \/>\n<span class=\"x1xsqp64 xiy17q3 x1o6pynw x19co3pv xdj266r xcwd3tp xat24cr x39eecv x2b8uid\" data-testid=\"emoji\"><span class=\"xexx8yu xn5pp95 x18d9i69 x2fxd7x x3jgonx x1bhl96m\">\u2764\ufe0f<\/span><\/span><span class=\"x1xsqp64 xiy17q3 x1o6pynw x19co3pv xdj266r xcwd3tp xat24cr x39eecv x2b8uid\" data-testid=\"emoji\"><span class=\"xexx8yu xn5pp95 x18d9i69 x2fxd7x x3jgonx x1bhl96m\">\ud83d\ude4f<\/span><\/span><span class=\"x1xsqp64 xiy17q3 x1o6pynw x19co3pv xdj266r xcwd3tp xat24cr x39eecv x2b8uid\" data-testid=\"emoji\"><span class=\"xexx8yu xn5pp95 x18d9i69 x2fxd7x x3jgonx x1bhl96m\">\ud83d\udc3e<\/span><\/span><span class=\"x1xsqp64 xiy17q3 x1o6pynw x19co3pv xdj266r xcwd3tp xat24cr x39eecv x2b8uid\" data-testid=\"emoji\"><span class=\"xexx8yu xn5pp95 x18d9i69 x2fxd7x x3jgonx x1bhl96m\">\ud83d\udc3e<\/span><\/span><span class=\"x1xsqp64 xiy17q3 x1o6pynw x19co3pv xdj266r xcwd3tp xat24cr x39eecv x2b8uid\" data-testid=\"emoji\"><span class=\"xexx8yu xn5pp95 x18d9i69 x2fxd7x x3jgonx x1bhl96m\">\ud83d\udc3e<\/span><\/span><\/p>\n<div class=\"x11i5rnm xat24cr x1mh8g0r x1vvkbs xtlvy1s x126k92a\">\n<div dir=\"auto\">Stefano Pesci<\/div>\n<ul>\n<li dir=\"auto\"><a href=\"https:\/\/istruttorecinofilo.it\/blog\/educatore-cinofilo-comportamentale\/\">Istruttore Educatore Cinofilo Comportamentale<\/a><\/li>\n<li dir=\"auto\"><a href=\"https:\/\/istruttorecinofilo.it\/blog\/il-mio-diploma-norvegese\/\">Specializzazione Norvegese<\/a> (benessere, risoluzioni problemi, segnali calmanti, stress, abbaio, paure, aggressivit\u00e0, cani cuccioli, cani adulti)<\/li>\n<li dir=\"auto\">Ideatore del <a href=\"https:\/\/istruttorecinofilo.it\/blog\/togetherdog-approach\/\">metodo Togetherdog<\/a><\/li>\n<li dir=\"auto\"><a href=\"https:\/\/istruttorecinofilo.it\/blog\/consulente-esperto-cibo-sano-per-cane-e-gatto\/\">Consulente Alimentare Cibo Sano Vitale per Cani e Gatti\u00a0<\/a><\/li>\n<\/ul>\n<\/div>\n<ul>\n<li dir=\"auto\"><a href=\"https:\/\/istruttorecinofilo.it\/blog\/contatti-dal-sito\/\">CONTATTI<\/a><\/li>\n<\/ul>\n","protected":false},"excerpt":{"rendered":"<p>Il 4 giugno 2025 \u00e8 una data che ha segnato l&#8217;inizio di una nuova vita, non solo per me, ma soprattutto per Zara il mio [&hellip;]<\/p>\n","protected":false},"author":1,"featured_media":13051,"comment_status":"closed","ping_status":"closed","sticky":false,"template":"","format":"standard","meta":{"footnotes":""},"categories":[2141,541,2132,499,1687,2865,261,151,540,94],"tags":[502,342,2502,141,271,2501,2500],"class_list":["post-12989","post","type-post","status-publish","format-standard","has-post-thumbnail","hentry","category-cani-personali","category-case-history","category-citazioni-storie","category-educazione-cinofila-comportamentale","category-educazione-cinofila-evolutiva-togetherdog-in-valdarno","category-la-storia-della-mia-zara","category-le-emozioni-e-il-cane","category-le-mie-riflessioni-citazioni-pensieri-sul-cane","category-storie","category-un-po-di-me","tag-capire-il-cane","tag-comportamento-cane","tag-corsa-cane","tag-educatore-cinofilo-comportamentale","tag-metodo-togetherdog","tag-richiamocane","tag-zara-cane"],"yoast_head":"<!-- This site is optimized with the Yoast SEO plugin v27.9 - https:\/\/yoast.com\/product\/yoast-seo-wordpress\/ -->\n<title>La corsa pi\u00f9 bella del mondo: Zara - Istruttore Cinofilo - Stefano Pesci<\/title>\n<meta name=\"description\" content=\"Molti pensano che i cani con un passato difficile siano &quot;rovinati&quot; o incapaci di recuperare. La storia di Zara dimostra il contrario.\" \/>\n<meta name=\"robots\" content=\"index, follow, max-snippet:-1, max-image-preview:large, max-video-preview:-1\" \/>\n<link rel=\"canonical\" href=\"https:\/\/istruttorecinofilo.it\/blog\/la-corsa-piu-bella-del-mondo-zara\/\" \/>\n<meta property=\"og:locale\" content=\"it_IT\" \/>\n<meta property=\"og:type\" content=\"article\" \/>\n<meta property=\"og:title\" content=\"La corsa pi\u00f9 bella del mondo: Zara - Istruttore Cinofilo - Stefano Pesci\" \/>\n<meta property=\"og:description\" content=\"Molti pensano che i cani con un passato difficile siano &quot;rovinati&quot; o incapaci di recuperare. La storia di Zara dimostra il contrario.\" \/>\n<meta property=\"og:url\" content=\"https:\/\/istruttorecinofilo.it\/blog\/la-corsa-piu-bella-del-mondo-zara\/\" \/>\n<meta property=\"og:site_name\" content=\"Istruttore Cinofilo - Stefano Pesci\" \/>\n<meta property=\"article:publisher\" content=\"https:\/\/www.facebook.com\/togetherdog\/\" \/>\n<meta property=\"article:published_time\" content=\"2025-08-21T09:42:46+00:00\" \/>\n<meta property=\"article:modified_time\" content=\"2026-06-16T19:17:15+00:00\" \/>\n<meta property=\"og:image\" content=\"https:\/\/istruttorecinofilo.it\/blog\/wp-content\/uploads\/2025\/08\/25_ZARA_FOTO_BELLE_STEFANO_PESCI.jpeg\" \/>\n\t<meta property=\"og:image:width\" content=\"2048\" \/>\n\t<meta property=\"og:image:height\" content=\"1536\" \/>\n\t<meta property=\"og:image:type\" content=\"image\/jpeg\" \/>\n<meta name=\"author\" content=\"Stefano Pesci\" \/>\n<meta name=\"twitter:card\" content=\"summary_large_image\" \/>\n<meta name=\"twitter:label1\" content=\"Scritto da\" \/>\n\t<meta name=\"twitter:data1\" content=\"Stefano Pesci\" \/>\n\t<meta name=\"twitter:label2\" content=\"Tempo di lettura stimato\" \/>\n\t<meta name=\"twitter:data2\" content=\"3 minuti\" \/>\n<script type=\"application\/ld+json\" class=\"yoast-schema-graph\">{\"@context\":\"https:\\\/\\\/schema.org\",\"@graph\":[{\"@type\":\"Article\",\"@id\":\"https:\\\/\\\/istruttorecinofilo.it\\\/blog\\\/la-corsa-piu-bella-del-mondo-zara\\\/#article\",\"isPartOf\":{\"@id\":\"https:\\\/\\\/istruttorecinofilo.it\\\/blog\\\/la-corsa-piu-bella-del-mondo-zara\\\/\"},\"author\":{\"name\":\"Stefano Pesci\",\"@id\":\"https:\\\/\\\/istruttorecinofilo.it\\\/blog\\\/#\\\/schema\\\/person\\\/f202513674f34af6e81fae0c45ab5195\"},\"headline\":\"La corsa pi\u00f9 bella del mondo: Zara\",\"datePublished\":\"2025-08-21T09:42:46+00:00\",\"dateModified\":\"2026-06-16T19:17:15+00:00\",\"mainEntityOfPage\":{\"@id\":\"https:\\\/\\\/istruttorecinofilo.it\\\/blog\\\/la-corsa-piu-bella-del-mondo-zara\\\/\"},\"wordCount\":626,\"image\":{\"@id\":\"https:\\\/\\\/istruttorecinofilo.it\\\/blog\\\/la-corsa-piu-bella-del-mondo-zara\\\/#primaryimage\"},\"thumbnailUrl\":\"https:\\\/\\\/istruttorecinofilo.it\\\/blog\\\/wp-content\\\/uploads\\\/2025\\\/08\\\/25_ZARA_FOTO_BELLE_STEFANO_PESCI.jpeg\",\"keywords\":[\"capire il cane\",\"comportamento cane\",\"corsa cane\",\"educatore cinofilo comportamentale\",\"metodo togetherdog\",\"richiamocane\",\"zara cane\"],\"articleSection\":[\"CANI PERSONALI\",\"Case History\",\"CITAZIONI - STORIE\",\"Educazione Cinofila Emozionale Comportamentale\",\"Educazione Cinofila Evolutiva Togetherdog in Valdarno\",\"La Storia della mia Zara\",\"Le Emozioni e il cane\",\"Le mie Riflessioni Relazione Uomo Cane\",\"Storie e Racconti\",\"Un po' di me\"],\"inLanguage\":\"it-IT\"},{\"@type\":\"WebPage\",\"@id\":\"https:\\\/\\\/istruttorecinofilo.it\\\/blog\\\/la-corsa-piu-bella-del-mondo-zara\\\/\",\"url\":\"https:\\\/\\\/istruttorecinofilo.it\\\/blog\\\/la-corsa-piu-bella-del-mondo-zara\\\/\",\"name\":\"La corsa pi\u00f9 bella del mondo: Zara - Istruttore Cinofilo - Stefano Pesci\",\"isPartOf\":{\"@id\":\"https:\\\/\\\/istruttorecinofilo.it\\\/blog\\\/#website\"},\"primaryImageOfPage\":{\"@id\":\"https:\\\/\\\/istruttorecinofilo.it\\\/blog\\\/la-corsa-piu-bella-del-mondo-zara\\\/#primaryimage\"},\"image\":{\"@id\":\"https:\\\/\\\/istruttorecinofilo.it\\\/blog\\\/la-corsa-piu-bella-del-mondo-zara\\\/#primaryimage\"},\"thumbnailUrl\":\"https:\\\/\\\/istruttorecinofilo.it\\\/blog\\\/wp-content\\\/uploads\\\/2025\\\/08\\\/25_ZARA_FOTO_BELLE_STEFANO_PESCI.jpeg\",\"datePublished\":\"2025-08-21T09:42:46+00:00\",\"dateModified\":\"2026-06-16T19:17:15+00:00\",\"author\":{\"@id\":\"https:\\\/\\\/istruttorecinofilo.it\\\/blog\\\/#\\\/schema\\\/person\\\/f202513674f34af6e81fae0c45ab5195\"},\"description\":\"Molti pensano che i cani con un passato difficile siano \\\"rovinati\\\" o incapaci di recuperare. La storia di Zara dimostra il contrario.\",\"breadcrumb\":{\"@id\":\"https:\\\/\\\/istruttorecinofilo.it\\\/blog\\\/la-corsa-piu-bella-del-mondo-zara\\\/#breadcrumb\"},\"inLanguage\":\"it-IT\",\"potentialAction\":[{\"@type\":\"ReadAction\",\"target\":[\"https:\\\/\\\/istruttorecinofilo.it\\\/blog\\\/la-corsa-piu-bella-del-mondo-zara\\\/\"]}]},{\"@type\":\"ImageObject\",\"inLanguage\":\"it-IT\",\"@id\":\"https:\\\/\\\/istruttorecinofilo.it\\\/blog\\\/la-corsa-piu-bella-del-mondo-zara\\\/#primaryimage\",\"url\":\"https:\\\/\\\/istruttorecinofilo.it\\\/blog\\\/wp-content\\\/uploads\\\/2025\\\/08\\\/25_ZARA_FOTO_BELLE_STEFANO_PESCI.jpeg\",\"contentUrl\":\"https:\\\/\\\/istruttorecinofilo.it\\\/blog\\\/wp-content\\\/uploads\\\/2025\\\/08\\\/25_ZARA_FOTO_BELLE_STEFANO_PESCI.jpeg\",\"width\":2048,\"height\":1536,\"caption\":\"La corsa pi\u00f9 bella del mondo: Zara\"},{\"@type\":\"BreadcrumbList\",\"@id\":\"https:\\\/\\\/istruttorecinofilo.it\\\/blog\\\/la-corsa-piu-bella-del-mondo-zara\\\/#breadcrumb\",\"itemListElement\":[{\"@type\":\"ListItem\",\"position\":1,\"name\":\"Home\",\"item\":\"https:\\\/\\\/istruttorecinofilo.it\\\/blog\\\/\"},{\"@type\":\"ListItem\",\"position\":2,\"name\":\"La corsa pi\u00f9 bella del mondo: Zara\"}]},{\"@type\":\"WebSite\",\"@id\":\"https:\\\/\\\/istruttorecinofilo.it\\\/blog\\\/#website\",\"url\":\"https:\\\/\\\/istruttorecinofilo.it\\\/blog\\\/\",\"name\":\"Istruttore Cinofilo - Stefano Pesci\",\"description\":\"Istruttore Educatore Cinofilo Comportamentale: Esperto in Microsegnali. La connessione \u00e8 un flusso bidirezionale: guidare l&#039;umano per comprendere il cane.\",\"potentialAction\":[{\"@type\":\"SearchAction\",\"target\":{\"@type\":\"EntryPoint\",\"urlTemplate\":\"https:\\\/\\\/istruttorecinofilo.it\\\/blog\\\/?s={search_term_string}\"},\"query-input\":{\"@type\":\"PropertyValueSpecification\",\"valueRequired\":true,\"valueName\":\"search_term_string\"}}],\"inLanguage\":\"it-IT\"},{\"@type\":\"Person\",\"@id\":\"https:\\\/\\\/istruttorecinofilo.it\\\/blog\\\/#\\\/schema\\\/person\\\/f202513674f34af6e81fae0c45ab5195\",\"name\":\"Stefano Pesci\",\"image\":{\"@type\":\"ImageObject\",\"inLanguage\":\"it-IT\",\"@id\":\"https:\\\/\\\/secure.gravatar.com\\\/avatar\\\/a072448102498535e2e9fe1fc1afd01b466f2cea85464ce381a65b2bfae96aa2?s=96&d=mm&r=g\",\"url\":\"https:\\\/\\\/secure.gravatar.com\\\/avatar\\\/a072448102498535e2e9fe1fc1afd01b466f2cea85464ce381a65b2bfae96aa2?s=96&d=mm&r=g\",\"contentUrl\":\"https:\\\/\\\/secure.gravatar.com\\\/avatar\\\/a072448102498535e2e9fe1fc1afd01b466f2cea85464ce381a65b2bfae96aa2?s=96&d=mm&r=g\",\"caption\":\"Stefano Pesci\"}}]}<\/script>\n<!-- \/ Yoast SEO plugin. -->","yoast_head_json":{"title":"La corsa pi\u00f9 bella del mondo: Zara - Istruttore Cinofilo - Stefano Pesci","description":"Molti pensano che i cani con un passato difficile siano \"rovinati\" o incapaci di recuperare. La storia di Zara dimostra il contrario.","robots":{"index":"index","follow":"follow","max-snippet":"max-snippet:-1","max-image-preview":"max-image-preview:large","max-video-preview":"max-video-preview:-1"},"canonical":"https:\/\/istruttorecinofilo.it\/blog\/la-corsa-piu-bella-del-mondo-zara\/","og_locale":"it_IT","og_type":"article","og_title":"La corsa pi\u00f9 bella del mondo: Zara - Istruttore Cinofilo - Stefano Pesci","og_description":"Molti pensano che i cani con un passato difficile siano \"rovinati\" o incapaci di recuperare. La storia di Zara dimostra il contrario.","og_url":"https:\/\/istruttorecinofilo.it\/blog\/la-corsa-piu-bella-del-mondo-zara\/","og_site_name":"Istruttore Cinofilo - Stefano Pesci","article_publisher":"https:\/\/www.facebook.com\/togetherdog\/","article_published_time":"2025-08-21T09:42:46+00:00","article_modified_time":"2026-06-16T19:17:15+00:00","og_image":[{"width":2048,"height":1536,"url":"https:\/\/istruttorecinofilo.it\/blog\/wp-content\/uploads\/2025\/08\/25_ZARA_FOTO_BELLE_STEFANO_PESCI.jpeg","type":"image\/jpeg"}],"author":"Stefano Pesci","twitter_card":"summary_large_image","twitter_misc":{"Scritto da":"Stefano Pesci","Tempo di lettura stimato":"3 minuti"},"schema":{"@context":"https:\/\/schema.org","@graph":[{"@type":"Article","@id":"https:\/\/istruttorecinofilo.it\/blog\/la-corsa-piu-bella-del-mondo-zara\/#article","isPartOf":{"@id":"https:\/\/istruttorecinofilo.it\/blog\/la-corsa-piu-bella-del-mondo-zara\/"},"author":{"name":"Stefano Pesci","@id":"https:\/\/istruttorecinofilo.it\/blog\/#\/schema\/person\/f202513674f34af6e81fae0c45ab5195"},"headline":"La corsa pi\u00f9 bella del mondo: Zara","datePublished":"2025-08-21T09:42:46+00:00","dateModified":"2026-06-16T19:17:15+00:00","mainEntityOfPage":{"@id":"https:\/\/istruttorecinofilo.it\/blog\/la-corsa-piu-bella-del-mondo-zara\/"},"wordCount":626,"image":{"@id":"https:\/\/istruttorecinofilo.it\/blog\/la-corsa-piu-bella-del-mondo-zara\/#primaryimage"},"thumbnailUrl":"https:\/\/istruttorecinofilo.it\/blog\/wp-content\/uploads\/2025\/08\/25_ZARA_FOTO_BELLE_STEFANO_PESCI.jpeg","keywords":["capire il cane","comportamento cane","corsa cane","educatore cinofilo comportamentale","metodo togetherdog","richiamocane","zara cane"],"articleSection":["CANI PERSONALI","Case History","CITAZIONI - STORIE","Educazione Cinofila Emozionale Comportamentale","Educazione Cinofila Evolutiva Togetherdog in Valdarno","La Storia della mia Zara","Le Emozioni e il cane","Le mie Riflessioni Relazione Uomo Cane","Storie e Racconti","Un po' di me"],"inLanguage":"it-IT"},{"@type":"WebPage","@id":"https:\/\/istruttorecinofilo.it\/blog\/la-corsa-piu-bella-del-mondo-zara\/","url":"https:\/\/istruttorecinofilo.it\/blog\/la-corsa-piu-bella-del-mondo-zara\/","name":"La corsa pi\u00f9 bella del mondo: Zara - Istruttore Cinofilo - Stefano Pesci","isPartOf":{"@id":"https:\/\/istruttorecinofilo.it\/blog\/#website"},"primaryImageOfPage":{"@id":"https:\/\/istruttorecinofilo.it\/blog\/la-corsa-piu-bella-del-mondo-zara\/#primaryimage"},"image":{"@id":"https:\/\/istruttorecinofilo.it\/blog\/la-corsa-piu-bella-del-mondo-zara\/#primaryimage"},"thumbnailUrl":"https:\/\/istruttorecinofilo.it\/blog\/wp-content\/uploads\/2025\/08\/25_ZARA_FOTO_BELLE_STEFANO_PESCI.jpeg","datePublished":"2025-08-21T09:42:46+00:00","dateModified":"2026-06-16T19:17:15+00:00","author":{"@id":"https:\/\/istruttorecinofilo.it\/blog\/#\/schema\/person\/f202513674f34af6e81fae0c45ab5195"},"description":"Molti pensano che i cani con un passato difficile siano \"rovinati\" o incapaci di recuperare. La storia di Zara dimostra il contrario.","breadcrumb":{"@id":"https:\/\/istruttorecinofilo.it\/blog\/la-corsa-piu-bella-del-mondo-zara\/#breadcrumb"},"inLanguage":"it-IT","potentialAction":[{"@type":"ReadAction","target":["https:\/\/istruttorecinofilo.it\/blog\/la-corsa-piu-bella-del-mondo-zara\/"]}]},{"@type":"ImageObject","inLanguage":"it-IT","@id":"https:\/\/istruttorecinofilo.it\/blog\/la-corsa-piu-bella-del-mondo-zara\/#primaryimage","url":"https:\/\/istruttorecinofilo.it\/blog\/wp-content\/uploads\/2025\/08\/25_ZARA_FOTO_BELLE_STEFANO_PESCI.jpeg","contentUrl":"https:\/\/istruttorecinofilo.it\/blog\/wp-content\/uploads\/2025\/08\/25_ZARA_FOTO_BELLE_STEFANO_PESCI.jpeg","width":2048,"height":1536,"caption":"La corsa pi\u00f9 bella del mondo: Zara"},{"@type":"BreadcrumbList","@id":"https:\/\/istruttorecinofilo.it\/blog\/la-corsa-piu-bella-del-mondo-zara\/#breadcrumb","itemListElement":[{"@type":"ListItem","position":1,"name":"Home","item":"https:\/\/istruttorecinofilo.it\/blog\/"},{"@type":"ListItem","position":2,"name":"La corsa pi\u00f9 bella del mondo: Zara"}]},{"@type":"WebSite","@id":"https:\/\/istruttorecinofilo.it\/blog\/#website","url":"https:\/\/istruttorecinofilo.it\/blog\/","name":"Istruttore Cinofilo - Stefano Pesci","description":"Istruttore Educatore Cinofilo Comportamentale: Esperto in Microsegnali. La connessione \u00e8 un flusso bidirezionale: guidare l&#039;umano per comprendere il cane.","potentialAction":[{"@type":"SearchAction","target":{"@type":"EntryPoint","urlTemplate":"https:\/\/istruttorecinofilo.it\/blog\/?s={search_term_string}"},"query-input":{"@type":"PropertyValueSpecification","valueRequired":true,"valueName":"search_term_string"}}],"inLanguage":"it-IT"},{"@type":"Person","@id":"https:\/\/istruttorecinofilo.it\/blog\/#\/schema\/person\/f202513674f34af6e81fae0c45ab5195","name":"Stefano Pesci","image":{"@type":"ImageObject","inLanguage":"it-IT","@id":"https:\/\/secure.gravatar.com\/avatar\/a072448102498535e2e9fe1fc1afd01b466f2cea85464ce381a65b2bfae96aa2?s=96&d=mm&r=g","url":"https:\/\/secure.gravatar.com\/avatar\/a072448102498535e2e9fe1fc1afd01b466f2cea85464ce381a65b2bfae96aa2?s=96&d=mm&r=g","contentUrl":"https:\/\/secure.gravatar.com\/avatar\/a072448102498535e2e9fe1fc1afd01b466f2cea85464ce381a65b2bfae96aa2?s=96&d=mm&r=g","caption":"Stefano Pesci"}}]}},"_links":{"self":[{"href":"https:\/\/istruttorecinofilo.it\/blog\/wp-json\/wp\/v2\/posts\/12989","targetHints":{"allow":["GET"]}}],"collection":[{"href":"https:\/\/istruttorecinofilo.it\/blog\/wp-json\/wp\/v2\/posts"}],"about":[{"href":"https:\/\/istruttorecinofilo.it\/blog\/wp-json\/wp\/v2\/types\/post"}],"author":[{"embeddable":true,"href":"https:\/\/istruttorecinofilo.it\/blog\/wp-json\/wp\/v2\/users\/1"}],"replies":[{"embeddable":true,"href":"https:\/\/istruttorecinofilo.it\/blog\/wp-json\/wp\/v2\/comments?post=12989"}],"version-history":[{"count":14,"href":"https:\/\/istruttorecinofilo.it\/blog\/wp-json\/wp\/v2\/posts\/12989\/revisions"}],"predecessor-version":[{"id":13056,"href":"https:\/\/istruttorecinofilo.it\/blog\/wp-json\/wp\/v2\/posts\/12989\/revisions\/13056"}],"wp:featuredmedia":[{"embeddable":true,"href":"https:\/\/istruttorecinofilo.it\/blog\/wp-json\/wp\/v2\/media\/13051"}],"wp:attachment":[{"href":"https:\/\/istruttorecinofilo.it\/blog\/wp-json\/wp\/v2\/media?parent=12989"}],"wp:term":[{"taxonomy":"category","embeddable":true,"href":"https:\/\/istruttorecinofilo.it\/blog\/wp-json\/wp\/v2\/categories?post=12989"},{"taxonomy":"post_tag","embeddable":true,"href":"https:\/\/istruttorecinofilo.it\/blog\/wp-json\/wp\/v2\/tags?post=12989"}],"curies":[{"name":"wp","href":"https:\/\/api.w.org\/{rel}","templated":true}]}}