{"id":13206,"date":"2025-11-23T06:53:35","date_gmt":"2025-11-23T05:53:35","guid":{"rendered":"https:\/\/istruttorecinofilo.it\/blog\/?p=13206"},"modified":"2026-06-16T21:16:34","modified_gmt":"2026-06-16T19:16:34","slug":"dal-canile-alla-serenita-lequilibrio-emotivo-di-zara","status":"publish","type":"post","link":"https:\/\/istruttorecinofilo.it\/blog\/dal-canile-alla-serenita-lequilibrio-emotivo-di-zara\/","title":{"rendered":"Dal Canile alla Serenit\u00e0: L&#8217;Equilibrio Emotivo di Zara"},"content":{"rendered":"<p data-path-to-node=\"7\">L&#8217;adozione di un cane adulto, specialmente se proveniente da contesti difficili come canili o abbandoni, \u00e8 un atto d&#8217;amore che porta con s\u00e9 storie complesse.<\/p>\n<p data-path-to-node=\"7\">La storia di <b>Zara<\/b>, (il mio cane) una magnifica meticcia di tipo Spitz di quasi 10 anni, \u00e8 un esempio lampante di come il passato influenzi il presente, <strong>MA<\/strong>\u00a0non debba definirlo.<\/p>\n<h2 style=\"text-align: center;\" data-path-to-node=\"7\">Dal Canile alla Serenit\u00e0: L&#8217;Equilibrio Emotivo di Zara,Meticcio Spitz,<\/h2>\n<h2 style=\"text-align: center;\" data-path-to-node=\"7\">e il Metodo Norvegese+ Metodo Together<span style=\"color: #ff0000;\">dog<\/span> per Cani Reattivi<\/h2>\n<h3>\ud83d\udc36 Il Percorso di Zara:<\/h3>\n<h3><b>La Storia Inizia<\/b><\/h3>\n<p data-path-to-node=\"8\"><strong>Zara, una femmina di taglia media di circa 19 kg, ha trascorso i suoi primi anni in una sequenza di ambienti sfidanti<\/strong>: cinque anni e mezzo in un sottoscala e quattro anni e mezzo in diversi canili.<\/p>\n<p data-path-to-node=\"8\">L&#8217;ho incontrata in un&#8217;ultima struttura,\u00a0 un bel posto in campagna, un contesto pi\u00f9 sereno dove viveva in gruppo con un cane maschio Maremmano e dei cuccioli.<\/p>\n<p data-path-to-node=\"8\"><strong>La sua personalit\u00e0 era gi\u00e0 evidente:<\/strong> un carattere <b>forte e deciso<\/b>, capace di farsi intendere con uno sguardo o un abbaio. Zara era il cane che interveniva per ristabilire l&#8217;equilibrio, ma questa dote, nel nuovo ambiente, si \u00e8 trasformata in una reattivit\u00e0 eccessiva verso gli altri cani.<\/p>\n<blockquote>\n<p data-path-to-node=\"8\"><strong>Zara mi \u00e8 subito piaciuta ed ho deciso comunque di adottarla e aiutarla. Iniziando cosi una nuova sfida personale con me stesso. Zara \u00e8 il mio cane di famiglia,<\/strong><\/p>\n<\/blockquote>\n<h3><b>Lavorare sull&#8217;Equilibrio Emotivo (Metodo Norvegese + Metodo Together<span style=\"color: #ff0000;\">dog<\/span>)<\/b><\/h3>\n<ol>\n<li data-path-to-node=\"10\">Il comportamento di Zara, caratterizzato da abbai, scatti in avanti e una tendenza a &#8220;intimorire&#8221; gli altri cani, \u00e8 il risultato di meccanismi di sopravvivenza che, nel suo passato, le hanno garantito un vantaggio. Tuttavia, una volta adottata, questo si \u00e8 rivelato un <b>boomerang<\/b> relazionale.<\/li>\n<li data-path-to-node=\"11\">Il mio lavoro, in qualit\u00e0 di <a href=\"https:\/\/istruttorecinofilo.it\/blog\/istruttore-cinofilo-comportamentale\/\"><b>Istruttore Educatore Cinofilo comportamentale<\/b><\/a> con una specializzazione nel <a href=\"https:\/\/istruttorecinofilo.it\/blog\/il-mio-diploma-norvegese\/\"><b>metodo norvegese<\/b><\/a> (esperienza specifica sin dal 2002), si concentra su due assi portanti: la <b>regolazione emotiva<\/b> e il <b>miglioramento dell&#8217;autocontrollo<\/b>.<\/li>\n<li data-path-to-node=\"11\">Quando un cane come Zara perde la sua tranquillit\u00e0 interiore, adotta reazioni istintive. L&#8217;obiettivo primario, <b>pertanto<\/b>, \u00e8 riportarla a un nuovo stato di equilibrio e fiducia.<\/li>\n<\/ol>\n<blockquote data-path-to-node=\"12\">\n<p data-path-to-node=\"12,0\"><strong><i>\u201cLe emozioni sono temporanee, ma le reazioni chimiche rimangono in circolo per un bel po&#8217; nel corpo del cane.\u201d<\/i><\/strong><\/p>\n<p data-path-to-node=\"12,0\"><strong>Stefano Pesci\u00a0<\/strong><\/p>\n<\/blockquote>\n<h3 data-path-to-node=\"13\"><b>Un Esempio Pratico di Successo:<\/b><\/h3>\n<p data-path-to-node=\"14\">Una recente passeggiata, in una fredda ma soleggiata mattinata in campagna, ha offerto la prova del nostro progresso. Nonostante la vista dei monti appenninici innevati creasse un&#8217;atmosfera idilliaca, la comparsa improvvisa di due cani \u2013 uno al guinzaglio e uno libero \u2013 ha messo alla prova il nostro lavoro.<\/p>\n<ol start=\"1\" data-path-to-node=\"15\">\n<li>\n<p data-path-to-node=\"15,0,0\"><b>Primo Incontro (Reattivit\u00e0 Iniziale):<\/b> Zara ha reagito immediatamente, correndo e abbaiando verso i cani dietro la recinzione. <b>Tuttavia<\/b>, le sue <b>reazioni emotive<\/b> sono state <i>significativamente<\/i> ridotte rispetto al passato.<\/p>\n<\/li>\n<li>\n<p data-path-to-node=\"15,1,0\"><b>L&#8217;Ascolto e il Richiamo:<\/b> Nonostante l&#8217;eccitazione (o la rabbia post-reazione), quando ho chiesto a Zara di <b>fermarsi<\/b>, si \u00e8 fermata. E quando l&#8217;ho richiamata, \u00e8 tornata indietro. Questo dimostra una <b>fortificazione della relazione<\/b> e un miglioramento dell&#8217;autocontrollo anche in situazioni di forte stimolo.<\/p>\n<\/li>\n<li>\n<p data-path-to-node=\"15,2,0\"><b>Gestione dello Stress Residuo:<\/b> Dopo esserci allontanati di 500-600 metri, Zara si \u00e8 messa ad annusare. L&#8217;odore residuo degli altri cani l&#8217;ha spinta a tornare indietro per &#8220;prendere informazioni&#8221;. La chiave \u00e8 stata la risposta al richiamo: non immediata, ma dopo due secondi. <b>Questo<\/b> rappresenta una grande vittoria, <b>in quanto<\/b> l&#8217;emozione in circolo \u00e8 stata gestita con successo.<\/p>\n<\/li>\n<li>\n<p data-path-to-node=\"15,3,0\"><b>Secondo Incontro (Vittoria Totale):<\/b> Pi\u00f9 avanti, Zara ha individuato due persone con un cane. Ho potuto dire a Zara di <b>stare ferma<\/b> e poi chiamarla a me. I due o tre secondi di latenza sono un tempo accettabile. <b>Infatti<\/b>, la risposta positiva e il ritorno al mio fianco in presenza di un altro cane sono la massima espressione di un equilibrio ritrovato.<\/p>\n<\/li>\n<\/ol>\n<h3><b>Considerazioni e Riflessioni: Canile vs. Allevamento<\/b><\/h3>\n<ul>\n<li data-path-to-node=\"17\"><em><strong>\u00c8 un errore<\/strong> comune associare i problemi comportamentali solo ai cani provenienti dal canile.<\/em><\/li>\n<li data-path-to-node=\"17\"><strong>La verit\u00e0 \u00e8<\/strong> che i cani si portano dietro le loro storie, <strong>ma<\/strong> la reattivit\u00e0 e l&#8217;aggressivit\u00e0 non sono un&#8217;esclusiva dei cani adottati.<\/li>\n<li data-path-to-node=\"17\"><b>Spesso<\/b>, mi sono rivolte a me\u00a0 persone con cani di razza, presi dall&#8217;allevamento, anche cuccioli di 5-12 mesi o adulti giovani, che manifestavano comportamenti aggressivi e un disequilibrio emotivo.<\/li>\n<\/ul>\n<h3 data-path-to-node=\"18\"><strong>Le reazioni di un cane sono influenzate da:<\/strong><\/h3>\n<ul data-path-to-node=\"19\">\n<li>\n<p data-path-to-node=\"19,0,0\"><b>Esperienze Pregresse:<\/b> La storia individuale (come nel caso di Zara).<\/p>\n<\/li>\n<li>\n<p data-path-to-node=\"19,1,0\"><b>Caratteristiche di Razza:<\/b> Le predisposizioni genetiche (come il temperamento dello Spitz).<\/p>\n<\/li>\n<li>\n<p data-path-to-node=\"19,2,0\"><b>Gestione Ambientale:<\/b> Il modo in cui il proprietario guida e supporta il cane. e come il cane interpreta l&#8217;ambiente( persone, cani, rumori, oggetti, suoni etc)<\/p>\n<\/li>\n<\/ul>\n<p data-path-to-node=\"20\"><strong>L&#8217;adozione di Zara\u00a0 e l&#8217;adattamento<\/strong> all&#8217;ambiente, alle situazioni, \u00e8 un <b>lavoro certosino<\/b> che richiede tempo, coerenza e metodo, <strong>ma che sta dando immense soddisfazioni.<\/strong> Dopo poco pi\u00f9 di cinque mesi, Zara ha ridotto le sue reazioni, ha imparato ad ascoltarmi di pi\u00f9 ( facendo esperienze anche come <b>cane insegnante<\/b>), e sta fortificando la fiducia in me.<\/p>\n<h3>APPRENDIMENTO DALL&#8217;ESPERIENZA<\/h3>\n<blockquote>\n<p data-path-to-node=\"22\"><b>In sintesi<\/b>, l&#8217;educazione cinofila \u00e8 un percorso continuo. <b>Cos\u00ec come<\/b> per l&#8217;educazione di un figlio, l&#8217;insegnamento dura tutta la vita.<\/p>\n<\/blockquote>\n<p data-path-to-node=\"22\">Zara ci insegna che, indipendentemente dalla storia e dall&#8217;et\u00e0, con il giusto approccio basato sulla calma, la chiarezza e la comprensione dell&#8217;emotivit\u00e0, \u00e8 possibile trasformare la reattivit\u00e0 in autocontrollo e la diffidenza in fiducia.<\/p>\n<p data-path-to-node=\"22\"><a href=\"https:\/\/istruttorecinofilo.it\/blog\/il-mio-diploma-norvegese\/\"><img decoding=\"async\" class=\"alignnone wp-image-13036\" src=\"https:\/\/istruttorecinofilo.it\/blog\/wp-content\/uploads\/2025\/10\/4_ZARA_STEFANO_PRIMO_PIANO.jpeg\" alt=\"Vuoi Capire Davvero il Tuo Cane? L'Esperto\u00a0 Stefano Pesci ti Guida\" width=\"474\" height=\"412\" srcset=\"https:\/\/istruttorecinofilo.it\/blog\/wp-content\/uploads\/2025\/10\/4_ZARA_STEFANO_PRIMO_PIANO-200x174.jpeg 200w, https:\/\/istruttorecinofilo.it\/blog\/wp-content\/uploads\/2025\/10\/4_ZARA_STEFANO_PRIMO_PIANO-300x261.jpeg 300w, https:\/\/istruttorecinofilo.it\/blog\/wp-content\/uploads\/2025\/10\/4_ZARA_STEFANO_PRIMO_PIANO-400x348.jpeg 400w, https:\/\/istruttorecinofilo.it\/blog\/wp-content\/uploads\/2025\/10\/4_ZARA_STEFANO_PRIMO_PIANO-600x521.jpeg 600w, https:\/\/istruttorecinofilo.it\/blog\/wp-content\/uploads\/2025\/10\/4_ZARA_STEFANO_PRIMO_PIANO-768x667.jpeg 768w, https:\/\/istruttorecinofilo.it\/blog\/wp-content\/uploads\/2025\/10\/4_ZARA_STEFANO_PRIMO_PIANO-800x695.jpeg 800w, https:\/\/istruttorecinofilo.it\/blog\/wp-content\/uploads\/2025\/10\/4_ZARA_STEFANO_PRIMO_PIANO-1024x890.jpeg 1024w, https:\/\/istruttorecinofilo.it\/blog\/wp-content\/uploads\/2025\/10\/4_ZARA_STEFANO_PRIMO_PIANO.jpeg 1067w\" sizes=\"(max-width: 474px) 100vw, 474px\" \/><\/a><a href=\"https:\/\/istruttorecinofilo.it\/blog\/zara-la-rinascita-del-mio-cane-spirito-spitz\/\"><img decoding=\"async\" class=\"alignnone wp-image-13054\" src=\"https:\/\/istruttorecinofilo.it\/blog\/wp-content\/uploads\/2025\/08\/26_ZARA_FOTO_BELLE_STEFANO_PESCI.jpeg\" alt=\"La corsa pi\u00f9 bella del mondo: Zara\" width=\"550\" height=\"413\" srcset=\"https:\/\/istruttorecinofilo.it\/blog\/wp-content\/uploads\/2025\/08\/26_ZARA_FOTO_BELLE_STEFANO_PESCI-200x150.jpeg 200w, https:\/\/istruttorecinofilo.it\/blog\/wp-content\/uploads\/2025\/08\/26_ZARA_FOTO_BELLE_STEFANO_PESCI-300x225.jpeg 300w, https:\/\/istruttorecinofilo.it\/blog\/wp-content\/uploads\/2025\/08\/26_ZARA_FOTO_BELLE_STEFANO_PESCI-400x300.jpeg 400w, https:\/\/istruttorecinofilo.it\/blog\/wp-content\/uploads\/2025\/08\/26_ZARA_FOTO_BELLE_STEFANO_PESCI-600x450.jpeg 600w, https:\/\/istruttorecinofilo.it\/blog\/wp-content\/uploads\/2025\/08\/26_ZARA_FOTO_BELLE_STEFANO_PESCI-768x576.jpeg 768w, https:\/\/istruttorecinofilo.it\/blog\/wp-content\/uploads\/2025\/08\/26_ZARA_FOTO_BELLE_STEFANO_PESCI-800x600.jpeg 800w, https:\/\/istruttorecinofilo.it\/blog\/wp-content\/uploads\/2025\/08\/26_ZARA_FOTO_BELLE_STEFANO_PESCI-1024x768.jpeg 1024w, https:\/\/istruttorecinofilo.it\/blog\/wp-content\/uploads\/2025\/08\/26_ZARA_FOTO_BELLE_STEFANO_PESCI-1200x900.jpeg 1200w, https:\/\/istruttorecinofilo.it\/blog\/wp-content\/uploads\/2025\/08\/26_ZARA_FOTO_BELLE_STEFANO_PESCI.jpeg 2048w\" sizes=\"(max-width: 550px) 100vw, 550px\" \/><\/a><\/p>\n<h3><b>AZIONE:\u00a0 AGISCI ORA !<\/b><\/h3>\n<p data-path-to-node=\"23\"><strong>Hai un cane reattivo o stai lottando con l&#8217;equilibrio emotivo del tuo compagno a quattro zampe? <\/strong><\/p>\n<blockquote>\n<p data-path-to-node=\"23\">Non aspettare che le reazioni istintive prendano il sopravvento.<\/p>\n<\/blockquote>\n<p data-path-to-node=\"23\"><b><a href=\"https:\/\/istruttorecinofilo.it\/blog\/contatti-dal-sito\/\">Contattami<\/a> oggi stesso<\/b> per iniziare un percorso personalizzato basato sui principi del metodo norvegese e sulla costruzione di una relazione salda e serena.<\/p>\n<p data-path-to-node=\"23\"><strong>La tranquillit\u00e0 del tuo cane \u00e8 la tua tranquillit\u00e0.<\/strong><\/p>\n<p data-path-to-node=\"23\"><strong>Stefano Pesci<\/strong><\/p>\n<p data-path-to-node=\"23\"><strong>Istruttore Educatore Cinofilo Comportamentale<\/strong><\/p>\n<p data-path-to-node=\"23\"><strong>specializzazione Norvegese<\/strong><\/p>\n<p data-path-to-node=\"23\"><strong>Ideatore del Metodo Together<span style=\"color: #ff0000;\">dog<\/span><\/strong><\/p>\n<div class=\"video-shortcode\">\n<blockquote class=\"wp-embedded-content\" data-secret=\"IHmUmWg3X0\"><p><a href=\"https:\/\/istruttorecinofilo.it\/blog\/contatti-dal-sito\/\">CONTATTA Stefano Pesci Istruttore Educatore Cinofilo Comportamentale<\/a><\/p><\/blockquote>\n<p><iframe class=\"wp-embedded-content\" sandbox=\"allow-scripts\" security=\"restricted\" style=\"position: absolute; clip: rect(1px, 1px, 1px, 1px);\" title=\"&#8220;CONTATTA Stefano Pesci Istruttore Educatore Cinofilo Comportamentale&#8221; &#8212; Istruttore Cinofilo - Stefano Pesci\" src=\"https:\/\/istruttorecinofilo.it\/blog\/contatti-dal-sito\/embed\/#?secret=IHmUmWg3X0\" data-secret=\"IHmUmWg3X0\" width=\"600\" height=\"338\" frameborder=\"0\" marginwidth=\"0\" marginheight=\"0\" scrolling=\"no\"><\/iframe><\/div>\n","protected":false},"excerpt":{"rendered":"<p>L&#8217;adozione di un cane adulto, specialmente se proveniente da contesti difficili come canili o abbandoni, \u00e8 un atto d&#8217;amore che porta con s\u00e9 storie complesse. [&hellip;]<\/p>\n","protected":false},"author":1,"featured_media":13061,"comment_status":"closed","ping_status":"closed","sticky":false,"template":"","format":"standard","meta":{"footnotes":""},"categories":[315,2141,541,499,2865,151,281],"tags":[769,2534,2533,2535,2536,502,141,425,202,196,2480],"class_list":["post-13206","post","type-post","status-publish","format-standard","has-post-thumbnail","hentry","category-articoli","category-cani-personali","category-case-history","category-educazione-cinofila-comportamentale","category-la-storia-della-mia-zara","category-le-mie-riflessioni-citazioni-pensieri-sul-cane","category-notizie","tag-abbaio-cani","tag-adozione-cane-dal-canile","tag-adozione-cane-zara","tag-cani-dal-vissuto-diffcile","tag-cani-reattivi","tag-capire-il-cane","tag-educatore-cinofilo-comportamentale","tag-istruttore-cinofilo-comportamentale","tag-linguaggio-cani","tag-segnali-calmanti","tag-zara-cane-stefano-pesci"],"yoast_head":"<!-- This site is optimized with the Yoast SEO plugin v27.9 - https:\/\/yoast.com\/product\/yoast-seo-wordpress\/ -->\n<title>Dal Canile alla Serenit\u00e0: L&#039;Equilibrio Emotivo di Zara - Istruttore Cinofilo - Stefano Pesci<\/title>\n<meta name=\"description\" content=\"L&#039;adozione di un cane adulto, specialmente se proveniente da contesti difficili come canili o abbandoni, \u00e8 un atto d&#039;amore che porta con s\u00e9 storie complesse.\" \/>\n<meta name=\"robots\" content=\"index, follow, max-snippet:-1, max-image-preview:large, max-video-preview:-1\" \/>\n<link rel=\"canonical\" href=\"https:\/\/istruttorecinofilo.it\/blog\/dal-canile-alla-serenita-lequilibrio-emotivo-di-zara\/\" \/>\n<meta property=\"og:locale\" content=\"it_IT\" \/>\n<meta property=\"og:type\" content=\"article\" \/>\n<meta property=\"og:title\" content=\"Dal Canile alla Serenit\u00e0: L&#039;Equilibrio Emotivo di Zara - Istruttore Cinofilo - Stefano Pesci\" \/>\n<meta property=\"og:description\" content=\"L&#039;adozione di un cane adulto, specialmente se proveniente da contesti difficili come canili o abbandoni, \u00e8 un atto d&#039;amore che porta con s\u00e9 storie complesse.\" \/>\n<meta property=\"og:url\" content=\"https:\/\/istruttorecinofilo.it\/blog\/dal-canile-alla-serenita-lequilibrio-emotivo-di-zara\/\" \/>\n<meta property=\"og:site_name\" content=\"Istruttore Cinofilo - Stefano Pesci\" \/>\n<meta property=\"article:publisher\" content=\"https:\/\/www.facebook.com\/togetherdog\/\" \/>\n<meta property=\"article:published_time\" content=\"2025-11-23T05:53:35+00:00\" \/>\n<meta property=\"article:modified_time\" content=\"2026-06-16T19:16:34+00:00\" \/>\n<meta property=\"og:image\" content=\"https:\/\/istruttorecinofilo.it\/blog\/wp-content\/uploads\/2025\/07\/21_ZARA_FOTO_BELLE_STEFANO_PESCI.jpeg\" \/>\n\t<meta property=\"og:image:width\" content=\"2048\" \/>\n\t<meta property=\"og:image:height\" content=\"1152\" \/>\n\t<meta property=\"og:image:type\" content=\"image\/jpeg\" \/>\n<meta name=\"author\" content=\"Stefano Pesci\" \/>\n<meta name=\"twitter:card\" content=\"summary_large_image\" \/>\n<meta name=\"twitter:label1\" content=\"Scritto da\" \/>\n\t<meta name=\"twitter:data1\" content=\"Stefano Pesci\" \/>\n\t<meta name=\"twitter:label2\" content=\"Tempo di lettura stimato\" \/>\n\t<meta name=\"twitter:data2\" content=\"4 minuti\" \/>\n<script type=\"application\/ld+json\" class=\"yoast-schema-graph\">{\"@context\":\"https:\\\/\\\/schema.org\",\"@graph\":[{\"@type\":\"Article\",\"@id\":\"https:\\\/\\\/istruttorecinofilo.it\\\/blog\\\/dal-canile-alla-serenita-lequilibrio-emotivo-di-zara\\\/#article\",\"isPartOf\":{\"@id\":\"https:\\\/\\\/istruttorecinofilo.it\\\/blog\\\/dal-canile-alla-serenita-lequilibrio-emotivo-di-zara\\\/\"},\"author\":{\"name\":\"Stefano Pesci\",\"@id\":\"https:\\\/\\\/istruttorecinofilo.it\\\/blog\\\/#\\\/schema\\\/person\\\/f202513674f34af6e81fae0c45ab5195\"},\"headline\":\"Dal Canile alla Serenit\u00e0: L&#8217;Equilibrio Emotivo di Zara\",\"datePublished\":\"2025-11-23T05:53:35+00:00\",\"dateModified\":\"2026-06-16T19:16:34+00:00\",\"mainEntityOfPage\":{\"@id\":\"https:\\\/\\\/istruttorecinofilo.it\\\/blog\\\/dal-canile-alla-serenita-lequilibrio-emotivo-di-zara\\\/\"},\"wordCount\":931,\"image\":{\"@id\":\"https:\\\/\\\/istruttorecinofilo.it\\\/blog\\\/dal-canile-alla-serenita-lequilibrio-emotivo-di-zara\\\/#primaryimage\"},\"thumbnailUrl\":\"https:\\\/\\\/istruttorecinofilo.it\\\/blog\\\/wp-content\\\/uploads\\\/2025\\\/07\\\/21_ZARA_FOTO_BELLE_STEFANO_PESCI.jpeg\",\"keywords\":[\"abbaio cani\",\"adozione cane dal canile\",\"adozione cane zara\",\"cani dal vissuto diffcile\",\"cani reattivi\",\"capire il cane\",\"educatore cinofilo comportamentale\",\"istruttore cinofilo comportamentale\",\"linguaggio cani\",\"segnali calmanti\",\"Zara cane Stefano Pesci\"],\"articleSection\":[\"Articoli\",\"CANI PERSONALI\",\"Case History\",\"Educazione Cinofila Emozionale Comportamentale\",\"La Storia della mia Zara\",\"Le mie Riflessioni Relazione Uomo Cane\",\"Notizie\"],\"inLanguage\":\"it-IT\"},{\"@type\":\"WebPage\",\"@id\":\"https:\\\/\\\/istruttorecinofilo.it\\\/blog\\\/dal-canile-alla-serenita-lequilibrio-emotivo-di-zara\\\/\",\"url\":\"https:\\\/\\\/istruttorecinofilo.it\\\/blog\\\/dal-canile-alla-serenita-lequilibrio-emotivo-di-zara\\\/\",\"name\":\"Dal Canile alla Serenit\u00e0: L'Equilibrio Emotivo di Zara - Istruttore Cinofilo - Stefano Pesci\",\"isPartOf\":{\"@id\":\"https:\\\/\\\/istruttorecinofilo.it\\\/blog\\\/#website\"},\"primaryImageOfPage\":{\"@id\":\"https:\\\/\\\/istruttorecinofilo.it\\\/blog\\\/dal-canile-alla-serenita-lequilibrio-emotivo-di-zara\\\/#primaryimage\"},\"image\":{\"@id\":\"https:\\\/\\\/istruttorecinofilo.it\\\/blog\\\/dal-canile-alla-serenita-lequilibrio-emotivo-di-zara\\\/#primaryimage\"},\"thumbnailUrl\":\"https:\\\/\\\/istruttorecinofilo.it\\\/blog\\\/wp-content\\\/uploads\\\/2025\\\/07\\\/21_ZARA_FOTO_BELLE_STEFANO_PESCI.jpeg\",\"datePublished\":\"2025-11-23T05:53:35+00:00\",\"dateModified\":\"2026-06-16T19:16:34+00:00\",\"author\":{\"@id\":\"https:\\\/\\\/istruttorecinofilo.it\\\/blog\\\/#\\\/schema\\\/person\\\/f202513674f34af6e81fae0c45ab5195\"},\"description\":\"L'adozione di un cane adulto, specialmente se proveniente da contesti difficili come canili o abbandoni, \u00e8 un atto d'amore che porta con s\u00e9 storie complesse.\",\"breadcrumb\":{\"@id\":\"https:\\\/\\\/istruttorecinofilo.it\\\/blog\\\/dal-canile-alla-serenita-lequilibrio-emotivo-di-zara\\\/#breadcrumb\"},\"inLanguage\":\"it-IT\",\"potentialAction\":[{\"@type\":\"ReadAction\",\"target\":[\"https:\\\/\\\/istruttorecinofilo.it\\\/blog\\\/dal-canile-alla-serenita-lequilibrio-emotivo-di-zara\\\/\"]}]},{\"@type\":\"ImageObject\",\"inLanguage\":\"it-IT\",\"@id\":\"https:\\\/\\\/istruttorecinofilo.it\\\/blog\\\/dal-canile-alla-serenita-lequilibrio-emotivo-di-zara\\\/#primaryimage\",\"url\":\"https:\\\/\\\/istruttorecinofilo.it\\\/blog\\\/wp-content\\\/uploads\\\/2025\\\/07\\\/21_ZARA_FOTO_BELLE_STEFANO_PESCI.jpeg\",\"contentUrl\":\"https:\\\/\\\/istruttorecinofilo.it\\\/blog\\\/wp-content\\\/uploads\\\/2025\\\/07\\\/21_ZARA_FOTO_BELLE_STEFANO_PESCI.jpeg\",\"width\":2048,\"height\":1152,\"caption\":\"Zara: La Rinascita del mio cane Spirito Spitz\"},{\"@type\":\"BreadcrumbList\",\"@id\":\"https:\\\/\\\/istruttorecinofilo.it\\\/blog\\\/dal-canile-alla-serenita-lequilibrio-emotivo-di-zara\\\/#breadcrumb\",\"itemListElement\":[{\"@type\":\"ListItem\",\"position\":1,\"name\":\"Home\",\"item\":\"https:\\\/\\\/istruttorecinofilo.it\\\/blog\\\/\"},{\"@type\":\"ListItem\",\"position\":2,\"name\":\"Dal Canile alla Serenit\u00e0: L&#8217;Equilibrio Emotivo di Zara\"}]},{\"@type\":\"WebSite\",\"@id\":\"https:\\\/\\\/istruttorecinofilo.it\\\/blog\\\/#website\",\"url\":\"https:\\\/\\\/istruttorecinofilo.it\\\/blog\\\/\",\"name\":\"Istruttore Cinofilo - Stefano Pesci\",\"description\":\"Istruttore Educatore Cinofilo Comportamentale: Esperto in Microsegnali. La connessione \u00e8 un flusso bidirezionale: guidare l&#039;umano per comprendere il cane.\",\"potentialAction\":[{\"@type\":\"SearchAction\",\"target\":{\"@type\":\"EntryPoint\",\"urlTemplate\":\"https:\\\/\\\/istruttorecinofilo.it\\\/blog\\\/?s={search_term_string}\"},\"query-input\":{\"@type\":\"PropertyValueSpecification\",\"valueRequired\":true,\"valueName\":\"search_term_string\"}}],\"inLanguage\":\"it-IT\"},{\"@type\":\"Person\",\"@id\":\"https:\\\/\\\/istruttorecinofilo.it\\\/blog\\\/#\\\/schema\\\/person\\\/f202513674f34af6e81fae0c45ab5195\",\"name\":\"Stefano Pesci\",\"image\":{\"@type\":\"ImageObject\",\"inLanguage\":\"it-IT\",\"@id\":\"https:\\\/\\\/secure.gravatar.com\\\/avatar\\\/a072448102498535e2e9fe1fc1afd01b466f2cea85464ce381a65b2bfae96aa2?s=96&d=mm&r=g\",\"url\":\"https:\\\/\\\/secure.gravatar.com\\\/avatar\\\/a072448102498535e2e9fe1fc1afd01b466f2cea85464ce381a65b2bfae96aa2?s=96&d=mm&r=g\",\"contentUrl\":\"https:\\\/\\\/secure.gravatar.com\\\/avatar\\\/a072448102498535e2e9fe1fc1afd01b466f2cea85464ce381a65b2bfae96aa2?s=96&d=mm&r=g\",\"caption\":\"Stefano Pesci\"}}]}<\/script>\n<!-- \/ Yoast SEO plugin. -->","yoast_head_json":{"title":"Dal Canile alla Serenit\u00e0: L'Equilibrio Emotivo di Zara - Istruttore Cinofilo - Stefano Pesci","description":"L'adozione di un cane adulto, specialmente se proveniente da contesti difficili come canili o abbandoni, \u00e8 un atto d'amore che porta con s\u00e9 storie complesse.","robots":{"index":"index","follow":"follow","max-snippet":"max-snippet:-1","max-image-preview":"max-image-preview:large","max-video-preview":"max-video-preview:-1"},"canonical":"https:\/\/istruttorecinofilo.it\/blog\/dal-canile-alla-serenita-lequilibrio-emotivo-di-zara\/","og_locale":"it_IT","og_type":"article","og_title":"Dal Canile alla Serenit\u00e0: L'Equilibrio Emotivo di Zara - Istruttore Cinofilo - Stefano Pesci","og_description":"L'adozione di un cane adulto, specialmente se proveniente da contesti difficili come canili o abbandoni, \u00e8 un atto d'amore che porta con s\u00e9 storie complesse.","og_url":"https:\/\/istruttorecinofilo.it\/blog\/dal-canile-alla-serenita-lequilibrio-emotivo-di-zara\/","og_site_name":"Istruttore Cinofilo - Stefano Pesci","article_publisher":"https:\/\/www.facebook.com\/togetherdog\/","article_published_time":"2025-11-23T05:53:35+00:00","article_modified_time":"2026-06-16T19:16:34+00:00","og_image":[{"width":2048,"height":1152,"url":"https:\/\/istruttorecinofilo.it\/blog\/wp-content\/uploads\/2025\/07\/21_ZARA_FOTO_BELLE_STEFANO_PESCI.jpeg","type":"image\/jpeg"}],"author":"Stefano Pesci","twitter_card":"summary_large_image","twitter_misc":{"Scritto da":"Stefano Pesci","Tempo di lettura stimato":"4 minuti"},"schema":{"@context":"https:\/\/schema.org","@graph":[{"@type":"Article","@id":"https:\/\/istruttorecinofilo.it\/blog\/dal-canile-alla-serenita-lequilibrio-emotivo-di-zara\/#article","isPartOf":{"@id":"https:\/\/istruttorecinofilo.it\/blog\/dal-canile-alla-serenita-lequilibrio-emotivo-di-zara\/"},"author":{"name":"Stefano Pesci","@id":"https:\/\/istruttorecinofilo.it\/blog\/#\/schema\/person\/f202513674f34af6e81fae0c45ab5195"},"headline":"Dal Canile alla Serenit\u00e0: L&#8217;Equilibrio Emotivo di Zara","datePublished":"2025-11-23T05:53:35+00:00","dateModified":"2026-06-16T19:16:34+00:00","mainEntityOfPage":{"@id":"https:\/\/istruttorecinofilo.it\/blog\/dal-canile-alla-serenita-lequilibrio-emotivo-di-zara\/"},"wordCount":931,"image":{"@id":"https:\/\/istruttorecinofilo.it\/blog\/dal-canile-alla-serenita-lequilibrio-emotivo-di-zara\/#primaryimage"},"thumbnailUrl":"https:\/\/istruttorecinofilo.it\/blog\/wp-content\/uploads\/2025\/07\/21_ZARA_FOTO_BELLE_STEFANO_PESCI.jpeg","keywords":["abbaio cani","adozione cane dal canile","adozione cane zara","cani dal vissuto diffcile","cani reattivi","capire il cane","educatore cinofilo comportamentale","istruttore cinofilo comportamentale","linguaggio cani","segnali calmanti","Zara cane Stefano Pesci"],"articleSection":["Articoli","CANI PERSONALI","Case History","Educazione Cinofila Emozionale Comportamentale","La Storia della mia Zara","Le mie Riflessioni Relazione Uomo Cane","Notizie"],"inLanguage":"it-IT"},{"@type":"WebPage","@id":"https:\/\/istruttorecinofilo.it\/blog\/dal-canile-alla-serenita-lequilibrio-emotivo-di-zara\/","url":"https:\/\/istruttorecinofilo.it\/blog\/dal-canile-alla-serenita-lequilibrio-emotivo-di-zara\/","name":"Dal Canile alla Serenit\u00e0: L'Equilibrio Emotivo di Zara - Istruttore Cinofilo - Stefano Pesci","isPartOf":{"@id":"https:\/\/istruttorecinofilo.it\/blog\/#website"},"primaryImageOfPage":{"@id":"https:\/\/istruttorecinofilo.it\/blog\/dal-canile-alla-serenita-lequilibrio-emotivo-di-zara\/#primaryimage"},"image":{"@id":"https:\/\/istruttorecinofilo.it\/blog\/dal-canile-alla-serenita-lequilibrio-emotivo-di-zara\/#primaryimage"},"thumbnailUrl":"https:\/\/istruttorecinofilo.it\/blog\/wp-content\/uploads\/2025\/07\/21_ZARA_FOTO_BELLE_STEFANO_PESCI.jpeg","datePublished":"2025-11-23T05:53:35+00:00","dateModified":"2026-06-16T19:16:34+00:00","author":{"@id":"https:\/\/istruttorecinofilo.it\/blog\/#\/schema\/person\/f202513674f34af6e81fae0c45ab5195"},"description":"L'adozione di un cane adulto, specialmente se proveniente da contesti difficili come canili o abbandoni, \u00e8 un atto d'amore che porta con s\u00e9 storie complesse.","breadcrumb":{"@id":"https:\/\/istruttorecinofilo.it\/blog\/dal-canile-alla-serenita-lequilibrio-emotivo-di-zara\/#breadcrumb"},"inLanguage":"it-IT","potentialAction":[{"@type":"ReadAction","target":["https:\/\/istruttorecinofilo.it\/blog\/dal-canile-alla-serenita-lequilibrio-emotivo-di-zara\/"]}]},{"@type":"ImageObject","inLanguage":"it-IT","@id":"https:\/\/istruttorecinofilo.it\/blog\/dal-canile-alla-serenita-lequilibrio-emotivo-di-zara\/#primaryimage","url":"https:\/\/istruttorecinofilo.it\/blog\/wp-content\/uploads\/2025\/07\/21_ZARA_FOTO_BELLE_STEFANO_PESCI.jpeg","contentUrl":"https:\/\/istruttorecinofilo.it\/blog\/wp-content\/uploads\/2025\/07\/21_ZARA_FOTO_BELLE_STEFANO_PESCI.jpeg","width":2048,"height":1152,"caption":"Zara: La Rinascita del mio cane Spirito Spitz"},{"@type":"BreadcrumbList","@id":"https:\/\/istruttorecinofilo.it\/blog\/dal-canile-alla-serenita-lequilibrio-emotivo-di-zara\/#breadcrumb","itemListElement":[{"@type":"ListItem","position":1,"name":"Home","item":"https:\/\/istruttorecinofilo.it\/blog\/"},{"@type":"ListItem","position":2,"name":"Dal Canile alla Serenit\u00e0: L&#8217;Equilibrio Emotivo di Zara"}]},{"@type":"WebSite","@id":"https:\/\/istruttorecinofilo.it\/blog\/#website","url":"https:\/\/istruttorecinofilo.it\/blog\/","name":"Istruttore Cinofilo - Stefano Pesci","description":"Istruttore Educatore Cinofilo Comportamentale: Esperto in Microsegnali. La connessione \u00e8 un flusso bidirezionale: guidare l&#039;umano per comprendere il cane.","potentialAction":[{"@type":"SearchAction","target":{"@type":"EntryPoint","urlTemplate":"https:\/\/istruttorecinofilo.it\/blog\/?s={search_term_string}"},"query-input":{"@type":"PropertyValueSpecification","valueRequired":true,"valueName":"search_term_string"}}],"inLanguage":"it-IT"},{"@type":"Person","@id":"https:\/\/istruttorecinofilo.it\/blog\/#\/schema\/person\/f202513674f34af6e81fae0c45ab5195","name":"Stefano Pesci","image":{"@type":"ImageObject","inLanguage":"it-IT","@id":"https:\/\/secure.gravatar.com\/avatar\/a072448102498535e2e9fe1fc1afd01b466f2cea85464ce381a65b2bfae96aa2?s=96&d=mm&r=g","url":"https:\/\/secure.gravatar.com\/avatar\/a072448102498535e2e9fe1fc1afd01b466f2cea85464ce381a65b2bfae96aa2?s=96&d=mm&r=g","contentUrl":"https:\/\/secure.gravatar.com\/avatar\/a072448102498535e2e9fe1fc1afd01b466f2cea85464ce381a65b2bfae96aa2?s=96&d=mm&r=g","caption":"Stefano Pesci"}}]}},"_links":{"self":[{"href":"https:\/\/istruttorecinofilo.it\/blog\/wp-json\/wp\/v2\/posts\/13206","targetHints":{"allow":["GET"]}}],"collection":[{"href":"https:\/\/istruttorecinofilo.it\/blog\/wp-json\/wp\/v2\/posts"}],"about":[{"href":"https:\/\/istruttorecinofilo.it\/blog\/wp-json\/wp\/v2\/types\/post"}],"author":[{"embeddable":true,"href":"https:\/\/istruttorecinofilo.it\/blog\/wp-json\/wp\/v2\/users\/1"}],"replies":[{"embeddable":true,"href":"https:\/\/istruttorecinofilo.it\/blog\/wp-json\/wp\/v2\/comments?post=13206"}],"version-history":[{"count":23,"href":"https:\/\/istruttorecinofilo.it\/blog\/wp-json\/wp\/v2\/posts\/13206\/revisions"}],"predecessor-version":[{"id":13229,"href":"https:\/\/istruttorecinofilo.it\/blog\/wp-json\/wp\/v2\/posts\/13206\/revisions\/13229"}],"wp:featuredmedia":[{"embeddable":true,"href":"https:\/\/istruttorecinofilo.it\/blog\/wp-json\/wp\/v2\/media\/13061"}],"wp:attachment":[{"href":"https:\/\/istruttorecinofilo.it\/blog\/wp-json\/wp\/v2\/media?parent=13206"}],"wp:term":[{"taxonomy":"category","embeddable":true,"href":"https:\/\/istruttorecinofilo.it\/blog\/wp-json\/wp\/v2\/categories?post=13206"},{"taxonomy":"post_tag","embeddable":true,"href":"https:\/\/istruttorecinofilo.it\/blog\/wp-json\/wp\/v2\/tags?post=13206"}],"curies":[{"name":"wp","href":"https:\/\/api.w.org\/{rel}","templated":true}]}}