{"id":13861,"date":"2025-12-27T16:48:23","date_gmt":"2025-12-27T15:48:23","guid":{"rendered":"https:\/\/istruttorecinofilo.it\/blog\/?p=13861"},"modified":"2026-06-16T21:14:48","modified_gmt":"2026-06-16T19:14:48","slug":"la-lezione-di-zara","status":"publish","type":"post","link":"https:\/\/istruttorecinofilo.it\/blog\/la-lezione-di-zara\/","title":{"rendered":"&#8220;La Lezione di Zara&#8221;"},"content":{"rendered":"<div class=\"xdj266r x14z9mp xat24cr x1lziwak x1vvkbs x126k92a\">\n<div dir=\"auto\"><strong>Il mio cane<\/strong> Zara di quasi 10 anni( 5 anni vissuti in un sottoscala e 4 anni e mezzo vissuti in vari canili ) &#8220;ci insegna&#8221; che non esiste &#8220;obbedienza&#8221; senza \u201ccomprensione\u201d.<\/div>\n<div dir=\"auto\"><\/div>\n<div dir=\"auto\"><strong>Se oggi lei<\/strong> riesce a guardare una porta che sbatte senza tremare, osservare in terrazza senza abbaiare, sentire il suono del campanello senza abbaiare non \u00e8 perch\u00e9 ha imparato un comando, ma perch\u00e9 ha sentito, attraverso la mia guida, che il mondo non \u00e8 pi\u00f9 un luogo da cui nascondersi.<\/div>\n<\/div>\n<div class=\"x14z9mp xat24cr x1lziwak x1vvkbs xtlvy1s x126k92a\">\n<div dir=\"auto\"><\/div>\n<div dir=\"auto\"><strong>Abbiamo<\/strong> superato la soglia dei sei mesi insieme(da me adottata il 4 Giugno 2025).<\/div>\n<div dir=\"auto\"><\/div>\n<div dir=\"auto\"><strong>Eppure,<\/strong> ogni mattina, il modo in cui stiracchia le zampe mi ricorda che<span style=\"color: #0000ff;\"> la sua rigenerazione \u00e8 un processo continuo<\/span>.<\/div>\n<div dir=\"auto\"><\/div>\n<div dir=\"auto\"><strong>La sua<\/strong> <span style=\"color: #0000ff;\">anima si sta riequilibrando, un respiro alla volta.<\/span><\/div>\n<\/div>\n<div class=\"x14z9mp xat24cr x1lziwak x1vvkbs xtlvy1s x126k92a\">\n<div dir=\"auto\"><\/div>\n<div dir=\"auto\"><strong>L&#8217;insegnamento di oggi:<\/strong><span style=\"color: #0000ff;\"> Non forzare i tempi.<\/span><\/div>\n<\/div>\n<div class=\"x14z9mp xat24cr x1lziwak x1vvkbs xtlvy1s x126k92a\">\n<div dir=\"auto\"><\/div>\n<blockquote>\n<div dir=\"auto\"><span style=\"color: #0000ff;\"><strong><em>Il cane non deve &#8220;fare&#8221;, deve prima di tutto &#8220;essere&#8221; in equilibrio.<\/em><\/strong><\/span><\/div>\n<div dir=\"auto\"><span style=\"color: #0000ff;\"><strong><em>Stefano Pesci<\/em><\/strong><\/span><\/div>\n<\/blockquote>\n<\/div>\n<div class=\"x14z9mp xat24cr x1lziwak x1vvkbs xtlvy1s x126k92a\">\n<div dir=\"auto\"><\/div>\n<div dir=\"auto\">Solo allora nascer\u00e0 una relazione affidabile.<\/div>\n<\/div>\n<div class=\"x14z9mp xat24cr x1lziwak x1vvkbs xtlvy1s x126k92a\">\n<div dir=\"auto\"><\/div>\n<div dir=\"auto\"><strong>Stefano Pesci<\/strong><\/div>\n<div dir=\"auto\"><strong>Istruttore Educatore Cinofilo Comportamentale<\/strong><\/div>\n<ul>\n<li dir=\"auto\"><strong>S<\/strong>pecializzazione <strong>N<\/strong>orvegese<\/li>\n<li dir=\"auto\"><strong>I<\/strong>deatore del <strong>M<\/strong>etodo <strong>T<\/strong>ogetherdog<\/li>\n<li dir=\"auto\"><strong>Contatti:<\/strong> tel. 347 3601667<\/li>\n<\/ul>\n<\/div>\n","protected":false},"excerpt":{"rendered":"<p>Il mio cane Zara di quasi 10 anni( 5 anni vissuti in un sottoscala e 4 anni e mezzo vissuti in vari canili ) &#8220;ci [&hellip;]<\/p>\n","protected":false},"author":1,"featured_media":0,"comment_status":"closed","ping_status":"closed","sticky":false,"template":"","format":"standard","meta":{"footnotes":""},"categories":[315,2141,2865,151],"tags":[],"class_list":["post-13861","post","type-post","status-publish","format-standard","hentry","category-articoli","category-cani-personali","category-la-storia-della-mia-zara","category-le-mie-riflessioni-citazioni-pensieri-sul-cane"],"yoast_head":"<!-- This site is optimized with the Yoast SEO plugin v27.9 - https:\/\/yoast.com\/product\/yoast-seo-wordpress\/ -->\n<title>&quot;La Lezione di Zara&quot; - Istruttore Cinofilo - Stefano Pesci<\/title>\n<meta name=\"description\" content=\"Il mio cane Zara 10 anni(5 anni vissuti in un sottoscala e 4 anni e mezzo vissuti nei canili) &quot;ci insegna&quot;che non esiste &quot;obbedienza&quot; senza \u201ccomprensione\u201d.\" \/>\n<meta name=\"robots\" content=\"index, follow, max-snippet:-1, max-image-preview:large, max-video-preview:-1\" \/>\n<link rel=\"canonical\" href=\"https:\/\/istruttorecinofilo.it\/blog\/la-lezione-di-zara\/\" \/>\n<meta property=\"og:locale\" content=\"it_IT\" \/>\n<meta property=\"og:type\" content=\"article\" \/>\n<meta property=\"og:title\" content=\"&quot;La Lezione di Zara&quot; - Istruttore Cinofilo - Stefano Pesci\" \/>\n<meta property=\"og:description\" content=\"Il mio cane Zara 10 anni(5 anni vissuti in un sottoscala e 4 anni e mezzo vissuti nei canili) &quot;ci insegna&quot;che non esiste &quot;obbedienza&quot; senza \u201ccomprensione\u201d.\" \/>\n<meta property=\"og:url\" content=\"https:\/\/istruttorecinofilo.it\/blog\/la-lezione-di-zara\/\" \/>\n<meta property=\"og:site_name\" content=\"Istruttore Cinofilo - Stefano Pesci\" \/>\n<meta property=\"article:publisher\" content=\"https:\/\/www.facebook.com\/togetherdog\/\" \/>\n<meta property=\"article:published_time\" content=\"2025-12-27T15:48:23+00:00\" \/>\n<meta property=\"article:modified_time\" content=\"2026-06-16T19:14:48+00:00\" \/>\n<meta name=\"author\" content=\"Stefano Pesci\" \/>\n<meta name=\"twitter:card\" content=\"summary_large_image\" \/>\n<meta name=\"twitter:label1\" content=\"Scritto da\" \/>\n\t<meta name=\"twitter:data1\" content=\"Stefano Pesci\" \/>\n\t<meta name=\"twitter:label2\" content=\"Tempo di lettura stimato\" \/>\n\t<meta name=\"twitter:data2\" content=\"1 minuto\" \/>\n<script type=\"application\/ld+json\" class=\"yoast-schema-graph\">{\"@context\":\"https:\\\/\\\/schema.org\",\"@graph\":[{\"@type\":\"Article\",\"@id\":\"https:\\\/\\\/istruttorecinofilo.it\\\/blog\\\/la-lezione-di-zara\\\/#article\",\"isPartOf\":{\"@id\":\"https:\\\/\\\/istruttorecinofilo.it\\\/blog\\\/la-lezione-di-zara\\\/\"},\"author\":{\"name\":\"Stefano Pesci\",\"@id\":\"https:\\\/\\\/istruttorecinofilo.it\\\/blog\\\/#\\\/schema\\\/person\\\/f202513674f34af6e81fae0c45ab5195\"},\"headline\":\"&#8220;La Lezione di Zara&#8221;\",\"datePublished\":\"2025-12-27T15:48:23+00:00\",\"dateModified\":\"2026-06-16T19:14:48+00:00\",\"mainEntityOfPage\":{\"@id\":\"https:\\\/\\\/istruttorecinofilo.it\\\/blog\\\/la-lezione-di-zara\\\/\"},\"wordCount\":164,\"articleSection\":[\"Articoli\",\"CANI PERSONALI\",\"La Storia della mia Zara\",\"Le mie Riflessioni Relazione Uomo Cane\"],\"inLanguage\":\"it-IT\"},{\"@type\":\"WebPage\",\"@id\":\"https:\\\/\\\/istruttorecinofilo.it\\\/blog\\\/la-lezione-di-zara\\\/\",\"url\":\"https:\\\/\\\/istruttorecinofilo.it\\\/blog\\\/la-lezione-di-zara\\\/\",\"name\":\"\\\"La Lezione di Zara\\\" - Istruttore Cinofilo - Stefano Pesci\",\"isPartOf\":{\"@id\":\"https:\\\/\\\/istruttorecinofilo.it\\\/blog\\\/#website\"},\"datePublished\":\"2025-12-27T15:48:23+00:00\",\"dateModified\":\"2026-06-16T19:14:48+00:00\",\"author\":{\"@id\":\"https:\\\/\\\/istruttorecinofilo.it\\\/blog\\\/#\\\/schema\\\/person\\\/f202513674f34af6e81fae0c45ab5195\"},\"description\":\"Il mio cane Zara 10 anni(5 anni vissuti in un sottoscala e 4 anni e mezzo vissuti nei canili) \\\"ci insegna\\\"che non esiste \\\"obbedienza\\\" senza \u201ccomprensione\u201d.\",\"breadcrumb\":{\"@id\":\"https:\\\/\\\/istruttorecinofilo.it\\\/blog\\\/la-lezione-di-zara\\\/#breadcrumb\"},\"inLanguage\":\"it-IT\",\"potentialAction\":[{\"@type\":\"ReadAction\",\"target\":[\"https:\\\/\\\/istruttorecinofilo.it\\\/blog\\\/la-lezione-di-zara\\\/\"]}]},{\"@type\":\"BreadcrumbList\",\"@id\":\"https:\\\/\\\/istruttorecinofilo.it\\\/blog\\\/la-lezione-di-zara\\\/#breadcrumb\",\"itemListElement\":[{\"@type\":\"ListItem\",\"position\":1,\"name\":\"Home\",\"item\":\"https:\\\/\\\/istruttorecinofilo.it\\\/blog\\\/\"},{\"@type\":\"ListItem\",\"position\":2,\"name\":\"&#8220;La Lezione di Zara&#8221;\"}]},{\"@type\":\"WebSite\",\"@id\":\"https:\\\/\\\/istruttorecinofilo.it\\\/blog\\\/#website\",\"url\":\"https:\\\/\\\/istruttorecinofilo.it\\\/blog\\\/\",\"name\":\"Istruttore Cinofilo - Stefano Pesci\",\"description\":\"Istruttore Educatore Cinofilo Comportamentale: Esperto in Microsegnali. La connessione \u00e8 un flusso bidirezionale: guidare l&#039;umano per comprendere il cane.\",\"potentialAction\":[{\"@type\":\"SearchAction\",\"target\":{\"@type\":\"EntryPoint\",\"urlTemplate\":\"https:\\\/\\\/istruttorecinofilo.it\\\/blog\\\/?s={search_term_string}\"},\"query-input\":{\"@type\":\"PropertyValueSpecification\",\"valueRequired\":true,\"valueName\":\"search_term_string\"}}],\"inLanguage\":\"it-IT\"},{\"@type\":\"Person\",\"@id\":\"https:\\\/\\\/istruttorecinofilo.it\\\/blog\\\/#\\\/schema\\\/person\\\/f202513674f34af6e81fae0c45ab5195\",\"name\":\"Stefano Pesci\",\"image\":{\"@type\":\"ImageObject\",\"inLanguage\":\"it-IT\",\"@id\":\"https:\\\/\\\/secure.gravatar.com\\\/avatar\\\/a072448102498535e2e9fe1fc1afd01b466f2cea85464ce381a65b2bfae96aa2?s=96&d=mm&r=g\",\"url\":\"https:\\\/\\\/secure.gravatar.com\\\/avatar\\\/a072448102498535e2e9fe1fc1afd01b466f2cea85464ce381a65b2bfae96aa2?s=96&d=mm&r=g\",\"contentUrl\":\"https:\\\/\\\/secure.gravatar.com\\\/avatar\\\/a072448102498535e2e9fe1fc1afd01b466f2cea85464ce381a65b2bfae96aa2?s=96&d=mm&r=g\",\"caption\":\"Stefano Pesci\"}}]}<\/script>\n<!-- \/ Yoast SEO plugin. -->","yoast_head_json":{"title":"\"La Lezione di Zara\" - Istruttore Cinofilo - Stefano Pesci","description":"Il mio cane Zara 10 anni(5 anni vissuti in un sottoscala e 4 anni e mezzo vissuti nei canili) \"ci insegna\"che non esiste \"obbedienza\" senza \u201ccomprensione\u201d.","robots":{"index":"index","follow":"follow","max-snippet":"max-snippet:-1","max-image-preview":"max-image-preview:large","max-video-preview":"max-video-preview:-1"},"canonical":"https:\/\/istruttorecinofilo.it\/blog\/la-lezione-di-zara\/","og_locale":"it_IT","og_type":"article","og_title":"\"La Lezione di Zara\" - Istruttore Cinofilo - Stefano Pesci","og_description":"Il mio cane Zara 10 anni(5 anni vissuti in un sottoscala e 4 anni e mezzo vissuti nei canili) \"ci insegna\"che non esiste \"obbedienza\" senza \u201ccomprensione\u201d.","og_url":"https:\/\/istruttorecinofilo.it\/blog\/la-lezione-di-zara\/","og_site_name":"Istruttore Cinofilo - Stefano Pesci","article_publisher":"https:\/\/www.facebook.com\/togetherdog\/","article_published_time":"2025-12-27T15:48:23+00:00","article_modified_time":"2026-06-16T19:14:48+00:00","author":"Stefano Pesci","twitter_card":"summary_large_image","twitter_misc":{"Scritto da":"Stefano Pesci","Tempo di lettura stimato":"1 minuto"},"schema":{"@context":"https:\/\/schema.org","@graph":[{"@type":"Article","@id":"https:\/\/istruttorecinofilo.it\/blog\/la-lezione-di-zara\/#article","isPartOf":{"@id":"https:\/\/istruttorecinofilo.it\/blog\/la-lezione-di-zara\/"},"author":{"name":"Stefano Pesci","@id":"https:\/\/istruttorecinofilo.it\/blog\/#\/schema\/person\/f202513674f34af6e81fae0c45ab5195"},"headline":"&#8220;La Lezione di Zara&#8221;","datePublished":"2025-12-27T15:48:23+00:00","dateModified":"2026-06-16T19:14:48+00:00","mainEntityOfPage":{"@id":"https:\/\/istruttorecinofilo.it\/blog\/la-lezione-di-zara\/"},"wordCount":164,"articleSection":["Articoli","CANI PERSONALI","La Storia della mia Zara","Le mie Riflessioni Relazione Uomo Cane"],"inLanguage":"it-IT"},{"@type":"WebPage","@id":"https:\/\/istruttorecinofilo.it\/blog\/la-lezione-di-zara\/","url":"https:\/\/istruttorecinofilo.it\/blog\/la-lezione-di-zara\/","name":"\"La Lezione di Zara\" - Istruttore Cinofilo - Stefano Pesci","isPartOf":{"@id":"https:\/\/istruttorecinofilo.it\/blog\/#website"},"datePublished":"2025-12-27T15:48:23+00:00","dateModified":"2026-06-16T19:14:48+00:00","author":{"@id":"https:\/\/istruttorecinofilo.it\/blog\/#\/schema\/person\/f202513674f34af6e81fae0c45ab5195"},"description":"Il mio cane Zara 10 anni(5 anni vissuti in un sottoscala e 4 anni e mezzo vissuti nei canili) \"ci insegna\"che non esiste \"obbedienza\" senza \u201ccomprensione\u201d.","breadcrumb":{"@id":"https:\/\/istruttorecinofilo.it\/blog\/la-lezione-di-zara\/#breadcrumb"},"inLanguage":"it-IT","potentialAction":[{"@type":"ReadAction","target":["https:\/\/istruttorecinofilo.it\/blog\/la-lezione-di-zara\/"]}]},{"@type":"BreadcrumbList","@id":"https:\/\/istruttorecinofilo.it\/blog\/la-lezione-di-zara\/#breadcrumb","itemListElement":[{"@type":"ListItem","position":1,"name":"Home","item":"https:\/\/istruttorecinofilo.it\/blog\/"},{"@type":"ListItem","position":2,"name":"&#8220;La Lezione di Zara&#8221;"}]},{"@type":"WebSite","@id":"https:\/\/istruttorecinofilo.it\/blog\/#website","url":"https:\/\/istruttorecinofilo.it\/blog\/","name":"Istruttore Cinofilo - Stefano Pesci","description":"Istruttore Educatore Cinofilo Comportamentale: Esperto in Microsegnali. La connessione \u00e8 un flusso bidirezionale: guidare l&#039;umano per comprendere il cane.","potentialAction":[{"@type":"SearchAction","target":{"@type":"EntryPoint","urlTemplate":"https:\/\/istruttorecinofilo.it\/blog\/?s={search_term_string}"},"query-input":{"@type":"PropertyValueSpecification","valueRequired":true,"valueName":"search_term_string"}}],"inLanguage":"it-IT"},{"@type":"Person","@id":"https:\/\/istruttorecinofilo.it\/blog\/#\/schema\/person\/f202513674f34af6e81fae0c45ab5195","name":"Stefano Pesci","image":{"@type":"ImageObject","inLanguage":"it-IT","@id":"https:\/\/secure.gravatar.com\/avatar\/a072448102498535e2e9fe1fc1afd01b466f2cea85464ce381a65b2bfae96aa2?s=96&d=mm&r=g","url":"https:\/\/secure.gravatar.com\/avatar\/a072448102498535e2e9fe1fc1afd01b466f2cea85464ce381a65b2bfae96aa2?s=96&d=mm&r=g","contentUrl":"https:\/\/secure.gravatar.com\/avatar\/a072448102498535e2e9fe1fc1afd01b466f2cea85464ce381a65b2bfae96aa2?s=96&d=mm&r=g","caption":"Stefano Pesci"}}]}},"_links":{"self":[{"href":"https:\/\/istruttorecinofilo.it\/blog\/wp-json\/wp\/v2\/posts\/13861","targetHints":{"allow":["GET"]}}],"collection":[{"href":"https:\/\/istruttorecinofilo.it\/blog\/wp-json\/wp\/v2\/posts"}],"about":[{"href":"https:\/\/istruttorecinofilo.it\/blog\/wp-json\/wp\/v2\/types\/post"}],"author":[{"embeddable":true,"href":"https:\/\/istruttorecinofilo.it\/blog\/wp-json\/wp\/v2\/users\/1"}],"replies":[{"embeddable":true,"href":"https:\/\/istruttorecinofilo.it\/blog\/wp-json\/wp\/v2\/comments?post=13861"}],"version-history":[{"count":5,"href":"https:\/\/istruttorecinofilo.it\/blog\/wp-json\/wp\/v2\/posts\/13861\/revisions"}],"predecessor-version":[{"id":13866,"href":"https:\/\/istruttorecinofilo.it\/blog\/wp-json\/wp\/v2\/posts\/13861\/revisions\/13866"}],"wp:attachment":[{"href":"https:\/\/istruttorecinofilo.it\/blog\/wp-json\/wp\/v2\/media?parent=13861"}],"wp:term":[{"taxonomy":"category","embeddable":true,"href":"https:\/\/istruttorecinofilo.it\/blog\/wp-json\/wp\/v2\/categories?post=13861"},{"taxonomy":"post_tag","embeddable":true,"href":"https:\/\/istruttorecinofilo.it\/blog\/wp-json\/wp\/v2\/tags?post=13861"}],"curies":[{"name":"wp","href":"https:\/\/api.w.org\/{rel}","templated":true}]}}