{"id":13941,"date":"2026-01-08T17:20:07","date_gmt":"2026-01-08T16:20:07","guid":{"rendered":"https:\/\/istruttorecinofilo.it\/blog\/?p=13941"},"modified":"2026-06-16T21:14:25","modified_gmt":"2026-06-16T19:14:25","slug":"linguaggio-del-cane-la-serenita-di-zara","status":"publish","type":"post","link":"https:\/\/istruttorecinofilo.it\/blog\/linguaggio-del-cane-la-serenita-di-zara\/","title":{"rendered":"Linguaggio del cane: la serenit\u00e0 di Zara"},"content":{"rendered":"<p data-path-to-node=\"4\">Quando ho incontrato, adottato il mio cane <b data-path-to-node=\"4\" data-index-in-node=\"21\">Zara<\/b> il 4 giugno 2025, non ho visto solo un cane di nove anni e mezzo con un passato di privazioni. Ho visto un\u2019anima che aveva dimenticato come comunicare, aveva ridotto\u00a0 il linguaggio del cane<\/p>\n<p data-path-to-node=\"4\">Dopo cinque anni passati sotto una scala e altrettanti nei rifugi, il suo corpo e la sua mente erano in &#8220;modalit\u00e0 sopravvivenza&#8221;.<\/p>\n<p data-path-to-node=\"5\">Come <a href=\"https:\/\/istruttorecinofilo.it\/blog\/il-mio-diploma-norvegese\/\"><b data-path-to-node=\"5\" data-index-in-node=\"5\">Istruttore Educatore Cinofilo Comportamentale<\/b><\/a>, il mio primo obiettivo con lei non \u00e8 stato insegnarle a &#8220;stare seduta&#8221; o a &#8220;dare la zampa&#8221;.<\/p>\n<p data-path-to-node=\"5\">Il mio metodo, il <b data-path-to-node=\"5\" data-index-in-node=\"162\">Together<span style=\"color: #ff0000;\">dog<\/span><\/b><span style=\"color: #ff0000;\">,<\/span> nasce proprio da qui: dalla necessit\u00e0 di diventare il <b data-path-to-node=\"5\" data-index-in-node=\"229\">porto sicuro<\/b> di cui il cane ha bisogno, sostituendo l&#8217;inibizione con l&#8217;empatia.<\/p>\n<h2 data-path-to-node=\"3\">Linguaggio del cane: la serenit\u00e0 di Zara<\/h2>\n<h3 data-path-to-node=\"6\">Il ritorno dei Segnali Calmanti<\/h3>\n<p data-path-to-node=\"7\"><strong>All&#8217;inizio<\/strong>, Zara era iper &#8211; reattiva fuori ma spenta dentro. Come accade a molti cani sotto forte stress, i suoi <b data-path-to-node=\"7\" data-index-in-node=\"81\">segnali calmanti<\/b> erano quasi spariti.<\/p>\n<p data-path-to-node=\"7\"><strong>Non c&#8217;erano<\/strong> leccate di naso, non c&#8217;erano volti girati di lato. <em>C&#8217;era solo un silenzio emotivo.<\/em><\/p>\n<p data-path-to-node=\"8\"><strong>Con la<\/strong> mia <strong>S<\/strong>pecializzazione in <b data-path-to-node=\"8\" data-index-in-node=\"31\">Cinofilia Comportamentale (Norvegia)<\/b>, sapevo che la serenit\u00e0 si costruisce su due binari:<\/p>\n<ol start=\"1\" data-path-to-node=\"9\">\n<li>\n<p data-path-to-node=\"9,0,0\"><b data-path-to-node=\"9,0,0\" data-index-in-node=\"0\">La comprensione del linguaggio:<\/b> Rispettare i suoi tempi, accogliere il suo abbaio o altro non come un errore, ma come un&#8217;emozione di cui prendersi cura.<\/p>\n<\/li>\n<li>\n<p data-path-to-node=\"9,1,0\"><b data-path-to-node=\"9,1,0\" data-index-in-node=\"0\">Il benessere bio-chimico:<\/b> <span style=\"color: #0000ff;\">Un cane che non mangia bene non pu\u00f2 pensare bene.<\/span><\/p>\n<\/li>\n<\/ol>\n<h3 data-path-to-node=\"10\">La scelta del &#8220;Cibo Sano&#8221;<\/h3>\n<p data-path-to-node=\"11\"><strong>Per<\/strong> <strong>aiutare<\/strong> Zara a ritrovare la sua luce, ho dovuto guardare anche dentro la sua ciotola.<\/p>\n<p data-path-to-node=\"11\"><strong>Un corpo<\/strong> infiammato da un&#8217;alimentazione scadente genera una mente reattiva e ansiosa.<\/p>\n<p data-path-to-node=\"11\"><strong>\u00c8 per<\/strong> questo che, oltre ai percorsi educativi che tengo nel <b data-path-to-node=\"11\" data-index-in-node=\"236\">Valdarno<\/b> e online in tutta <b data-path-to-node=\"11\" data-index-in-node=\"263\">Italia<\/b>, insisto tanto sulla consulenza alimentare.<\/p>\n<p data-path-to-node=\"12\"><strong>Oggi Zara<\/strong><span style=\"color: #0000ff;\"> \u00e8 un cane diverso.<\/span><\/p>\n<p data-path-to-node=\"12\"><strong>Man mano<\/strong> che lo stress diminuiva e la qualit\u00e0 della sua vita (e <a href=\"https:\/\/istruttorecinofilo.it\/blog\/esperienze-alimentazione-nutrizione-dieta-per-il-cane\/\">del suo cibo<\/a>) migliorava, sono riaffiorati i suoi segnali comunicativi.<\/p>\n<p data-path-to-node=\"12\"><strong>Vedere Zara<\/strong> che oggi usa un segnale di pacificazione \u00e8 per me la vittoria pi\u00f9 grande: \u00e8 il segno che finalmente si sente al sicuro.<\/p>\n<p data-path-to-node=\"12\">Consulenze Cinofile Comportamentali, percorsi di Educazione Cinofila Comportamentale nel <b data-path-to-node=\"16\" data-index-in-node=\"45\">Chianti, nel Valdarno e nelle province di Firenze e Arezzo<\/b>, offro consulenze alimentari gratuite integrate nel percorso comportamentale, disponibili anche <b data-path-to-node=\"16\" data-index-in-node=\"200\">online in tutta Italia<\/b>.<\/p>\n<p data-path-to-node=\"12\">\ud83d\udccd <b data-path-to-node=\"11\" data-index-in-node=\"3\">Valdarno Aretino, Valdarno Fiorentino,\u00a0 Arezzo &#8211; Siena -Firenze &#8211; Chianti &#8211; Toscana &amp; anche online in tutta Italia.<\/b><\/p>\n<p data-path-to-node=\"12\">\u270d\ufe0f <a href=\"https:\/\/istruttorecinofilo.it\/blog\/contatti-dal-sito\/\"><b data-path-to-node=\"11\" data-index-in-node=\"24\">Stefano Pesci<\/b><\/a><\/p>\n<p data-path-to-node=\"12\"><em><strong>I<\/strong>struttore <strong>E<\/strong>ducatore<strong> C<\/strong>inofilo <strong>C<\/strong>omportamentale &#8211; <strong>S<\/strong>pecializzazione <strong>N<\/strong>orvegese &#8211; <strong>I<\/strong>deatore del <strong>M<\/strong>etodo <strong>T<\/strong>ogether<span style=\"color: #ff0000;\">dog<\/span>\u00ae<\/em><\/p>\n<p style=\"text-align: center;\" data-path-to-node=\"12\"><strong>INOLTRE\u00a0<\/strong><\/p>\n<p data-path-to-node=\"12\"><span style=\"color: #0000ff;\"><strong>NOTE :\u00a0<\/strong><\/span><\/p>\n<p data-path-to-node=\"12\"><strong> Offro<\/strong> <strong>Consulenze<\/strong> Alimentari <strong>Gratuite<\/strong> di <strong>Alimentazione Naturale per il cane<\/strong> disponibili <strong>con collegamento<\/strong> ON LINE tramite computer, cellulari, tablet <b data-path-to-node=\"16\" data-index-in-node=\"200\">ON LINE\u00a0 in tutta Italia e\/o Whatsapp<\/b><\/p>\n<p data-path-to-node=\"12\">&#8220;<strong>Se vuoi scoprire<\/strong> <strong>come <\/strong><span style=\"color: #0000ff;\">l&#8217;alimentazione naturale ha aiutato Zara e come pu\u00f2 aiutare il tuo cane<strong>,<\/strong><\/span> <strong>visita<\/strong> il mio portale dedicato <a href=\"https:\/\/consulentecibosano.it\/\">[Link al sito Stefano Pesci Consulente Cibo Sano]<\/a> per una <a href=\"https:\/\/consulentecibosano.it\/consulenza-alimentare-gratuita\/\"><strong>C<\/strong>onsulenza <strong>A<\/strong>limentare <strong>G<\/strong>ratuita.<\/a>&#8220;<\/p>\n<p data-path-to-node=\"12\">\n","protected":false},"excerpt":{"rendered":"<p>Quando ho incontrato, adottato il mio cane Zara il 4 giugno 2025, non ho visto solo un cane di nove anni e mezzo con un [&hellip;]<\/p>\n","protected":false},"author":1,"featured_media":0,"comment_status":"closed","ping_status":"closed","sticky":false,"template":"","format":"standard","meta":{"footnotes":""},"categories":[315,2141,1687,2865,261,151,170,540],"tags":[161,285,2730,2720,2727,2728,2726,2719,177,425,2605,271,196,176,143,2729,2718],"class_list":["post-13941","post","type-post","status-publish","format-standard","hentry","category-articoli","category-cani-personali","category-educazione-cinofila-evolutiva-togetherdog-in-valdarno","category-la-storia-della-mia-zara","category-le-emozioni-e-il-cane","category-le-mie-riflessioni-citazioni-pensieri-sul-cane","category-metodo-togetherdog","category-storie","tag-arezzo","tag-benessere-del-cane","tag-chianti","tag-cinofiliacomportamentale","tag-consulenza-cinofila-online","tag-educatorecinofilofirenze","tag-educazione-cinofila-valdarno","tag-empatiacanina","tag-firenze","tag-istruttore-cinofilo-comportamentale","tag-linguaggiodelcane","tag-metodo-togetherdog","tag-segnali-calmanti","tag-siena","tag-togetherdog","tag-valdarno-fiorentino-e-aretino","tag-zara"],"yoast_head":"<!-- This site is optimized with the Yoast SEO plugin v27.9 - https:\/\/yoast.com\/product\/yoast-seo-wordpress\/ -->\n<title>Linguaggio del cane: la serenit\u00e0 di Zara - Istruttore Cinofilo - Stefano Pesci<\/title>\n<meta name=\"description\" content=\"Indagini Comportamentali, Linguaggio Cane,Consulenza Alimentare Naturale Reico. Risolvi a DOMICILIO i problemi del cane in VALDARNO, AR - SI - FI e On Line\" \/>\n<meta name=\"robots\" content=\"index, follow, max-snippet:-1, max-image-preview:large, max-video-preview:-1\" \/>\n<link rel=\"canonical\" href=\"https:\/\/istruttorecinofilo.it\/blog\/linguaggio-del-cane-la-serenita-di-zara\/\" \/>\n<meta property=\"og:locale\" content=\"it_IT\" \/>\n<meta property=\"og:type\" content=\"article\" \/>\n<meta property=\"og:title\" content=\"Linguaggio del cane: la serenit\u00e0 di Zara - Istruttore Cinofilo - Stefano Pesci\" \/>\n<meta property=\"og:description\" content=\"Indagini Comportamentali, Linguaggio Cane,Consulenza Alimentare Naturale Reico. Risolvi a DOMICILIO i problemi del cane in VALDARNO, AR - SI - FI e On Line\" \/>\n<meta property=\"og:url\" content=\"https:\/\/istruttorecinofilo.it\/blog\/linguaggio-del-cane-la-serenita-di-zara\/\" \/>\n<meta property=\"og:site_name\" content=\"Istruttore Cinofilo - Stefano Pesci\" \/>\n<meta property=\"article:publisher\" content=\"https:\/\/www.facebook.com\/togetherdog\/\" \/>\n<meta property=\"article:published_time\" content=\"2026-01-08T16:20:07+00:00\" \/>\n<meta property=\"article:modified_time\" content=\"2026-06-16T19:14:25+00:00\" \/>\n<meta name=\"author\" content=\"Stefano Pesci\" \/>\n<meta name=\"twitter:card\" content=\"summary_large_image\" \/>\n<meta name=\"twitter:label1\" content=\"Scritto da\" \/>\n\t<meta name=\"twitter:data1\" content=\"Stefano Pesci\" \/>\n\t<meta name=\"twitter:label2\" content=\"Tempo di lettura stimato\" \/>\n\t<meta name=\"twitter:data2\" content=\"2 minuti\" \/>\n<script type=\"application\/ld+json\" class=\"yoast-schema-graph\">{\"@context\":\"https:\\\/\\\/schema.org\",\"@graph\":[{\"@type\":\"Article\",\"@id\":\"https:\\\/\\\/istruttorecinofilo.it\\\/blog\\\/linguaggio-del-cane-la-serenita-di-zara\\\/#article\",\"isPartOf\":{\"@id\":\"https:\\\/\\\/istruttorecinofilo.it\\\/blog\\\/linguaggio-del-cane-la-serenita-di-zara\\\/\"},\"author\":{\"name\":\"Stefano Pesci\",\"@id\":\"https:\\\/\\\/istruttorecinofilo.it\\\/blog\\\/#\\\/schema\\\/person\\\/f202513674f34af6e81fae0c45ab5195\"},\"headline\":\"Linguaggio del cane: la serenit\u00e0 di Zara\",\"datePublished\":\"2026-01-08T16:20:07+00:00\",\"dateModified\":\"2026-06-16T19:14:25+00:00\",\"mainEntityOfPage\":{\"@id\":\"https:\\\/\\\/istruttorecinofilo.it\\\/blog\\\/linguaggio-del-cane-la-serenita-di-zara\\\/\"},\"wordCount\":468,\"keywords\":[\"arezzo\",\"benessere del cane\",\"chianti\",\"CinofiliaComportamentale\",\"consulenza cinofila online\",\"EducatoreCinofiloFirenze.\",\"educazione cinofila Valdarno\",\"EmpatiaCanina\",\"firenze\",\"istruttore cinofilo comportamentale\",\"LinguaggioDelCane\",\"metodo togetherdog\",\"segnali calmanti\",\"siena\",\"togetherdog\",\"Valdarno Fiorentino e Aretino.\",\"Zara\"],\"articleSection\":[\"Articoli\",\"CANI PERSONALI\",\"Educazione Cinofila Evolutiva Togetherdog in Valdarno\",\"La Storia della mia Zara\",\"Le Emozioni e il cane\",\"Le mie Riflessioni Relazione Uomo Cane\",\"Metodo TogetherDOG\",\"Storie e Racconti\"],\"inLanguage\":\"it-IT\"},{\"@type\":\"WebPage\",\"@id\":\"https:\\\/\\\/istruttorecinofilo.it\\\/blog\\\/linguaggio-del-cane-la-serenita-di-zara\\\/\",\"url\":\"https:\\\/\\\/istruttorecinofilo.it\\\/blog\\\/linguaggio-del-cane-la-serenita-di-zara\\\/\",\"name\":\"Linguaggio del cane: la serenit\u00e0 di Zara - Istruttore Cinofilo - Stefano Pesci\",\"isPartOf\":{\"@id\":\"https:\\\/\\\/istruttorecinofilo.it\\\/blog\\\/#website\"},\"datePublished\":\"2026-01-08T16:20:07+00:00\",\"dateModified\":\"2026-06-16T19:14:25+00:00\",\"author\":{\"@id\":\"https:\\\/\\\/istruttorecinofilo.it\\\/blog\\\/#\\\/schema\\\/person\\\/f202513674f34af6e81fae0c45ab5195\"},\"description\":\"Indagini Comportamentali, Linguaggio Cane,Consulenza Alimentare Naturale Reico. Risolvi a DOMICILIO i problemi del cane in VALDARNO, AR - SI - FI e On Line\",\"breadcrumb\":{\"@id\":\"https:\\\/\\\/istruttorecinofilo.it\\\/blog\\\/linguaggio-del-cane-la-serenita-di-zara\\\/#breadcrumb\"},\"inLanguage\":\"it-IT\",\"potentialAction\":[{\"@type\":\"ReadAction\",\"target\":[\"https:\\\/\\\/istruttorecinofilo.it\\\/blog\\\/linguaggio-del-cane-la-serenita-di-zara\\\/\"]}]},{\"@type\":\"BreadcrumbList\",\"@id\":\"https:\\\/\\\/istruttorecinofilo.it\\\/blog\\\/linguaggio-del-cane-la-serenita-di-zara\\\/#breadcrumb\",\"itemListElement\":[{\"@type\":\"ListItem\",\"position\":1,\"name\":\"Home\",\"item\":\"https:\\\/\\\/istruttorecinofilo.it\\\/blog\\\/\"},{\"@type\":\"ListItem\",\"position\":2,\"name\":\"Linguaggio del cane: la serenit\u00e0 di Zara\"}]},{\"@type\":\"WebSite\",\"@id\":\"https:\\\/\\\/istruttorecinofilo.it\\\/blog\\\/#website\",\"url\":\"https:\\\/\\\/istruttorecinofilo.it\\\/blog\\\/\",\"name\":\"Istruttore Cinofilo - Stefano Pesci\",\"description\":\"Istruttore Educatore Cinofilo Comportamentale: Esperto in Microsegnali. La connessione \u00e8 un flusso bidirezionale: guidare l&#039;umano per comprendere il cane.\",\"potentialAction\":[{\"@type\":\"SearchAction\",\"target\":{\"@type\":\"EntryPoint\",\"urlTemplate\":\"https:\\\/\\\/istruttorecinofilo.it\\\/blog\\\/?s={search_term_string}\"},\"query-input\":{\"@type\":\"PropertyValueSpecification\",\"valueRequired\":true,\"valueName\":\"search_term_string\"}}],\"inLanguage\":\"it-IT\"},{\"@type\":\"Person\",\"@id\":\"https:\\\/\\\/istruttorecinofilo.it\\\/blog\\\/#\\\/schema\\\/person\\\/f202513674f34af6e81fae0c45ab5195\",\"name\":\"Stefano Pesci\",\"image\":{\"@type\":\"ImageObject\",\"inLanguage\":\"it-IT\",\"@id\":\"https:\\\/\\\/secure.gravatar.com\\\/avatar\\\/a072448102498535e2e9fe1fc1afd01b466f2cea85464ce381a65b2bfae96aa2?s=96&d=mm&r=g\",\"url\":\"https:\\\/\\\/secure.gravatar.com\\\/avatar\\\/a072448102498535e2e9fe1fc1afd01b466f2cea85464ce381a65b2bfae96aa2?s=96&d=mm&r=g\",\"contentUrl\":\"https:\\\/\\\/secure.gravatar.com\\\/avatar\\\/a072448102498535e2e9fe1fc1afd01b466f2cea85464ce381a65b2bfae96aa2?s=96&d=mm&r=g\",\"caption\":\"Stefano Pesci\"}}]}<\/script>\n<!-- \/ Yoast SEO plugin. -->","yoast_head_json":{"title":"Linguaggio del cane: la serenit\u00e0 di Zara - Istruttore Cinofilo - Stefano Pesci","description":"Indagini Comportamentali, Linguaggio Cane,Consulenza Alimentare Naturale Reico. Risolvi a DOMICILIO i problemi del cane in VALDARNO, AR - SI - FI e On Line","robots":{"index":"index","follow":"follow","max-snippet":"max-snippet:-1","max-image-preview":"max-image-preview:large","max-video-preview":"max-video-preview:-1"},"canonical":"https:\/\/istruttorecinofilo.it\/blog\/linguaggio-del-cane-la-serenita-di-zara\/","og_locale":"it_IT","og_type":"article","og_title":"Linguaggio del cane: la serenit\u00e0 di Zara - Istruttore Cinofilo - Stefano Pesci","og_description":"Indagini Comportamentali, Linguaggio Cane,Consulenza Alimentare Naturale Reico. Risolvi a DOMICILIO i problemi del cane in VALDARNO, AR - SI - FI e On Line","og_url":"https:\/\/istruttorecinofilo.it\/blog\/linguaggio-del-cane-la-serenita-di-zara\/","og_site_name":"Istruttore Cinofilo - Stefano Pesci","article_publisher":"https:\/\/www.facebook.com\/togetherdog\/","article_published_time":"2026-01-08T16:20:07+00:00","article_modified_time":"2026-06-16T19:14:25+00:00","author":"Stefano Pesci","twitter_card":"summary_large_image","twitter_misc":{"Scritto da":"Stefano Pesci","Tempo di lettura stimato":"2 minuti"},"schema":{"@context":"https:\/\/schema.org","@graph":[{"@type":"Article","@id":"https:\/\/istruttorecinofilo.it\/blog\/linguaggio-del-cane-la-serenita-di-zara\/#article","isPartOf":{"@id":"https:\/\/istruttorecinofilo.it\/blog\/linguaggio-del-cane-la-serenita-di-zara\/"},"author":{"name":"Stefano Pesci","@id":"https:\/\/istruttorecinofilo.it\/blog\/#\/schema\/person\/f202513674f34af6e81fae0c45ab5195"},"headline":"Linguaggio del cane: la serenit\u00e0 di Zara","datePublished":"2026-01-08T16:20:07+00:00","dateModified":"2026-06-16T19:14:25+00:00","mainEntityOfPage":{"@id":"https:\/\/istruttorecinofilo.it\/blog\/linguaggio-del-cane-la-serenita-di-zara\/"},"wordCount":468,"keywords":["arezzo","benessere del cane","chianti","CinofiliaComportamentale","consulenza cinofila online","EducatoreCinofiloFirenze.","educazione cinofila Valdarno","EmpatiaCanina","firenze","istruttore cinofilo comportamentale","LinguaggioDelCane","metodo togetherdog","segnali calmanti","siena","togetherdog","Valdarno Fiorentino e Aretino.","Zara"],"articleSection":["Articoli","CANI PERSONALI","Educazione Cinofila Evolutiva Togetherdog in Valdarno","La Storia della mia Zara","Le Emozioni e il cane","Le mie Riflessioni Relazione Uomo Cane","Metodo TogetherDOG","Storie e Racconti"],"inLanguage":"it-IT"},{"@type":"WebPage","@id":"https:\/\/istruttorecinofilo.it\/blog\/linguaggio-del-cane-la-serenita-di-zara\/","url":"https:\/\/istruttorecinofilo.it\/blog\/linguaggio-del-cane-la-serenita-di-zara\/","name":"Linguaggio del cane: la serenit\u00e0 di Zara - Istruttore Cinofilo - Stefano Pesci","isPartOf":{"@id":"https:\/\/istruttorecinofilo.it\/blog\/#website"},"datePublished":"2026-01-08T16:20:07+00:00","dateModified":"2026-06-16T19:14:25+00:00","author":{"@id":"https:\/\/istruttorecinofilo.it\/blog\/#\/schema\/person\/f202513674f34af6e81fae0c45ab5195"},"description":"Indagini Comportamentali, Linguaggio Cane,Consulenza Alimentare Naturale Reico. Risolvi a DOMICILIO i problemi del cane in VALDARNO, AR - SI - FI e On Line","breadcrumb":{"@id":"https:\/\/istruttorecinofilo.it\/blog\/linguaggio-del-cane-la-serenita-di-zara\/#breadcrumb"},"inLanguage":"it-IT","potentialAction":[{"@type":"ReadAction","target":["https:\/\/istruttorecinofilo.it\/blog\/linguaggio-del-cane-la-serenita-di-zara\/"]}]},{"@type":"BreadcrumbList","@id":"https:\/\/istruttorecinofilo.it\/blog\/linguaggio-del-cane-la-serenita-di-zara\/#breadcrumb","itemListElement":[{"@type":"ListItem","position":1,"name":"Home","item":"https:\/\/istruttorecinofilo.it\/blog\/"},{"@type":"ListItem","position":2,"name":"Linguaggio del cane: la serenit\u00e0 di Zara"}]},{"@type":"WebSite","@id":"https:\/\/istruttorecinofilo.it\/blog\/#website","url":"https:\/\/istruttorecinofilo.it\/blog\/","name":"Istruttore Cinofilo - Stefano Pesci","description":"Istruttore Educatore Cinofilo Comportamentale: Esperto in Microsegnali. La connessione \u00e8 un flusso bidirezionale: guidare l&#039;umano per comprendere il cane.","potentialAction":[{"@type":"SearchAction","target":{"@type":"EntryPoint","urlTemplate":"https:\/\/istruttorecinofilo.it\/blog\/?s={search_term_string}"},"query-input":{"@type":"PropertyValueSpecification","valueRequired":true,"valueName":"search_term_string"}}],"inLanguage":"it-IT"},{"@type":"Person","@id":"https:\/\/istruttorecinofilo.it\/blog\/#\/schema\/person\/f202513674f34af6e81fae0c45ab5195","name":"Stefano Pesci","image":{"@type":"ImageObject","inLanguage":"it-IT","@id":"https:\/\/secure.gravatar.com\/avatar\/a072448102498535e2e9fe1fc1afd01b466f2cea85464ce381a65b2bfae96aa2?s=96&d=mm&r=g","url":"https:\/\/secure.gravatar.com\/avatar\/a072448102498535e2e9fe1fc1afd01b466f2cea85464ce381a65b2bfae96aa2?s=96&d=mm&r=g","contentUrl":"https:\/\/secure.gravatar.com\/avatar\/a072448102498535e2e9fe1fc1afd01b466f2cea85464ce381a65b2bfae96aa2?s=96&d=mm&r=g","caption":"Stefano Pesci"}}]}},"_links":{"self":[{"href":"https:\/\/istruttorecinofilo.it\/blog\/wp-json\/wp\/v2\/posts\/13941","targetHints":{"allow":["GET"]}}],"collection":[{"href":"https:\/\/istruttorecinofilo.it\/blog\/wp-json\/wp\/v2\/posts"}],"about":[{"href":"https:\/\/istruttorecinofilo.it\/blog\/wp-json\/wp\/v2\/types\/post"}],"author":[{"embeddable":true,"href":"https:\/\/istruttorecinofilo.it\/blog\/wp-json\/wp\/v2\/users\/1"}],"replies":[{"embeddable":true,"href":"https:\/\/istruttorecinofilo.it\/blog\/wp-json\/wp\/v2\/comments?post=13941"}],"version-history":[{"count":13,"href":"https:\/\/istruttorecinofilo.it\/blog\/wp-json\/wp\/v2\/posts\/13941\/revisions"}],"predecessor-version":[{"id":13986,"href":"https:\/\/istruttorecinofilo.it\/blog\/wp-json\/wp\/v2\/posts\/13941\/revisions\/13986"}],"wp:attachment":[{"href":"https:\/\/istruttorecinofilo.it\/blog\/wp-json\/wp\/v2\/media?parent=13941"}],"wp:term":[{"taxonomy":"category","embeddable":true,"href":"https:\/\/istruttorecinofilo.it\/blog\/wp-json\/wp\/v2\/categories?post=13941"},{"taxonomy":"post_tag","embeddable":true,"href":"https:\/\/istruttorecinofilo.it\/blog\/wp-json\/wp\/v2\/tags?post=13941"}],"curies":[{"name":"wp","href":"https:\/\/api.w.org\/{rel}","templated":true}]}}