{"id":14442,"date":"2026-02-28T17:24:30","date_gmt":"2026-02-28T16:24:30","guid":{"rendered":"https:\/\/istruttorecinofilo.it\/blog\/?p=14442"},"modified":"2026-03-01T23:06:56","modified_gmt":"2026-03-01T22:06:56","slug":"educazione-del-cane-val-dambra-stefano-pesci-togetherdog","status":"publish","type":"post","link":"https:\/\/istruttorecinofilo.it\/blog\/educazione-del-cane-val-dambra-stefano-pesci-togetherdog\/","title":{"rendered":"Educazione del cane Val d&#8217;Ambra: Stefano Pesci Togetherdog"},"content":{"rendered":"<p data-path-to-node=\"7\"><strong>L&#8217;E<\/strong><b data-path-to-node=\"7\" data-index-in-node=\"2\">ducazione Cinofila Comportamentale Together<span style=\"color: #ff0000;\">dog<\/span> del cane anche in Val d\u2019Ambra<\/b> rappresenta un elemento fondamentale per chi desidera vivere serenamente il territorio di <b data-path-to-node=\"7\" data-index-in-node=\"127\">Ambra<\/b> e <b data-path-to-node=\"7\" data-index-in-node=\"135\">Bucine<\/b>.<\/p>\n<p data-path-to-node=\"7\"><b data-path-to-node=\"7\" data-index-in-node=\"143\">Conseguentemente<\/b>, scegliere un percorso con l&#8217;Esperto guidato dal <b data-path-to-node=\"7\" data-index-in-node=\"195\">Metodo Together<span style=\"color: #ff0000;\">dog<\/span><\/b> permette di trasformare ogni passeggiata in un momento di autentica sintonia.<\/p>\n<p data-path-to-node=\"7\"><b data-path-to-node=\"7\" data-index-in-node=\"292\">Inoltre<\/b>, l&#8217;approccio di <b data-path-to-node=\"7\" data-index-in-node=\"316\">Stefano Pesci<\/b> si distingue per una profonda analisi profonda del comportamento basata su dati reali e sul rispetto dell&#8217;individuo cane.<\/p>\n<p data-path-to-node=\"8\"><b data-path-to-node=\"8\" data-index-in-node=\"0\">Stefano Pesci<\/b>, <strong>I<\/strong>struttore <strong>E<\/strong>ducatore <strong>C<\/strong>inofilo <strong>C<\/strong>omportamentale, <strong>E<\/strong>sperto sin dall&#8217;ann0 <strong>2002,<\/strong> con <strong>S<\/strong>pecializzazione <strong>I<\/strong>nternazionale <strong>N<\/strong>orvegese (Diploma Turid Rugaas).<\/p>\n<p data-path-to-node=\"8\"><b data-path-to-node=\"8\" data-index-in-node=\"142\">In aggiunta<\/b> alla sua competenza tecnica, Stefano \u00e8 un <strong>E<\/strong>sperto <strong>N<\/strong>utrizione Reico, Facilitatore Biologico, Ricercatore del Vero, Studioso di Filosofia Antica e Orientale.<\/p>\n<p data-path-to-node=\"8\"><b data-path-to-node=\"8\" data-index-in-node=\"247\">D&#8217;altra parte<\/b>, la sua visione olistica garantisce che ogni intervento non sia una mera ipotesi, ma una soluzione concreta per il benessere del cane e della famiglia.<\/p>\n<h3 data-path-to-node=\"3\">Un Percorso per ogni Et\u00e0 e Tipologia di cani: La Scienza dell&#8217;Apprendimento<\/h3>\n<p data-path-to-node=\"4\">Il <b data-path-to-node=\"4\" data-index-in-node=\"3\">Metodo Together<span style=\"color: #ff0000;\">dog<\/span><\/b> non pone limiti di accesso, poich\u00e9 \u00e8 rivolto a <b data-path-to-node=\"4\" data-index-in-node=\"69\">cani di tutte le razze, taglie e tipologie<\/b>.<\/p>\n<p data-path-to-node=\"4\"><b data-path-to-node=\"4\" data-index-in-node=\"113\">In aggiunta<\/b>, un&#8217;attenzione particolare viene dedicata ai <b data-path-to-node=\"4\" data-index-in-node=\"170\">cani meticci<\/b> e a quelli provenienti <b data-path-to-node=\"4\" data-index-in-node=\"206\">dal canile<\/b> (dai 2 mesi in poi), che necessitano di un reinserimento equilibrato nel tessuto sociale della <b data-path-to-node=\"4\" data-index-in-node=\"312\">Val d\u2019Ambra<\/b>. <b data-path-to-node=\"4\" data-index-in-node=\"325\">Conseguentemente<\/b>, ogni percorso viene calibrato sulle specifiche necessit\u00e0 evolutive del soggetto, dai <b data-path-to-node=\"4\" data-index-in-node=\"428\">cuccioli<\/b> ai cani <b data-path-to-node=\"4\" data-index-in-node=\"445\">giovani<\/b> e <b data-path-to-node=\"4\" data-index-in-node=\"455\">adolescenti<\/b>, fino agli <b data-path-to-node=\"4\" data-index-in-node=\"478\">adulti maturi<\/b>.<\/p>\n<p data-path-to-node=\"5\"><b data-path-to-node=\"5\" data-index-in-node=\"0\">D&#8217;altra parte<\/b>, \u00e8 fondamentale sfatare il mito che un cane in et\u00e0 avanzata non possa pi\u00f9 cambiare.<\/p>\n<p data-path-to-node=\"5\"><b data-path-to-node=\"5\" data-index-in-node=\"98\">Infatti<\/b>, come ampiamente <b data-path-to-node=\"5\" data-index-in-node=\"123\">riconosciuto dalle neuroscienze<\/b>, il <b data-path-to-node=\"5\" data-index-in-node=\"159\">cervello del cane \u00e8 plastico<\/b> e mantiene la capacit\u00e0 di creare nuove connessioni neurali durante tutta la vita.<\/p>\n<p data-path-to-node=\"5\"><b data-path-to-node=\"5\" data-index-in-node=\"270\">Pertanto<\/b>, che si tratti di soggetti <b data-path-to-node=\"5\" data-index-in-node=\"306\">senior<\/b> o <b data-path-to-node=\"5\" data-index-in-node=\"315\">anziani<\/b>, <b data-path-to-node=\"5\" data-index-in-node=\"324\">non \u00e8 mai troppo tardi<\/b> per intraprendere un percorso educativo.<\/p>\n<p data-path-to-node=\"5\"><b data-path-to-node=\"5\" data-index-in-node=\"388\">In altre parole<\/b>, si impara sempre a qualunque et\u00e0, a patto di utilizzare una metodologia che rispetti i tempi e le modalit\u00e0 comunicative del cane.<\/p>\n<hr data-path-to-node=\"9\" \/>\n<h3 data-path-to-node=\"10\">SEZIONE FAQ TOGETHER<span style=\"color: #ff0000;\">DOG<\/span> STEFANO PESCI<\/h3>\n<h3 data-path-to-node=\"10\">FAQ: Analisi e Benessere Cinofilo in Val d\u2019Ambra<\/h3>\n<p data-path-to-node=\"11\"><b data-path-to-node=\"11\" data-index-in-node=\"0\">DOMANDA N. 1: Perch\u00e9 \u00e8 importante l&#8217;educazione Comportamentale del cane a Bucine e in Val d&#8217;Ambra?<\/b> <b data-path-to-node=\"11\" data-index-in-node=\"72\">RISPOSTA:<\/b> La gestione del cane in zone naturali come Ambra richiede una comunicazione chiara per prevenire stress e garantire la sicurezza dell&#8217;animale.<\/p>\n<p data-path-to-node=\"12\"><b data-path-to-node=\"12\" data-index-in-node=\"0\">DOMANDA N. 2: In cosa consiste l&#8217;approccio analitico di Stefano Pesci?<\/b> <b data-path-to-node=\"12\" data-index-in-node=\"71\">RISPOSTA:<\/b> Stefano Pesci valuta ogni caso senza pregiudizi, osservando le dinamiche ambientali e relazionali direttamente nel contesto quotidiano del Comune di Bucine e della Val d&#8217;ambra<\/p>\n<p data-path-to-node=\"13\"><b data-path-to-node=\"13\" data-index-in-node=\"0\">DOMANDA N. 3: Qual \u00e8 il valore del Metodo Together<span style=\"color: #ff0000;\">dog<\/span> per chi vive ad Ambra?<\/b> <b data-path-to-node=\"13\" data-index-in-node=\"77\">RISPOSTA:<\/b> Stefano Pesci ha ideato un sistema che mette al centro la relazione. Il metodo evita l&#8217;uso della forza, puntando invece sulla comprensione dei segnali comunicativi del cane.<\/p>\n<p data-path-to-node=\"14\"><b data-path-to-node=\"14\" data-index-in-node=\"0\">DOMANDA N. 4: Come influisce la nutrizione Reico sul comportamento?<\/b> <b data-path-to-node=\"14\" data-index-in-node=\"68\">RISPOSTA:<\/b> Un equilibrio nutrizionale corretto riduce l&#8217;iperattivit\u00e0 e l&#8217;ansia, rendendo l&#8217;educazione del cane molto pi\u00f9 fluida ed efficace.<\/p>\n<p data-path-to-node=\"15\"><b data-path-to-node=\"15\" data-index-in-node=\"0\">DOMANDA N. 5: Stefano Pesci lavora con tutte le razze e tipologie di cani?<\/b> <b data-path-to-node=\"15\" data-index-in-node=\"75\">RISPOSTA:<\/b> Stefano Pesci interviene con competenza su ogni tipologia di cane inclusi meticci e cani adottati dal canile, adattando in modo sartoriale il linguaggio, l&#8217;attivit\u00e0 pratica comportamentale alle specifiche caratteristiche etologiche del soggetto.<\/p>\n<p data-path-to-node=\"16\"><b data-path-to-node=\"16\" data-index-in-node=\"0\">DOMANDA N. 6: Cosa significa che la connessione \u00e8 un flusso bidirezionale?<\/b> <b data-path-to-node=\"16\" data-index-in-node=\"75\">RISPOSTA:<\/b> Stefano Pesci chiarisce che il proprietario deve imparare a leggere il cane tanto quanto il cane impara a collaborare con l&#8217;essere umano.<\/p>\n<p data-path-to-node=\"17\"><b data-path-to-node=\"17\" data-index-in-node=\"0\">DOMANDA N. 7: Come posso richiedere una consulenza a domicilio a Bucine e in Val d&#8217;ambra ?<\/b> <b data-path-to-node=\"17\" data-index-in-node=\"73\">RISPOSTA:<\/b> Stefano Pesci \u00e8 disponibile per incontri individuali presso l&#8217;abitazione del cliente in tutta la Val d\u2019Ambra, garantendo la massima attenzione e riservatezza.<\/p>\n<p data-path-to-node=\"3\"><b data-path-to-node=\"3\" data-index-in-node=\"0\">DOMANDA N. 8: Il Metodo Together<span style=\"color: #ff0000;\">dog<\/span> \u00e8 efficace anche per i cani adottati dal canile?<\/b> <b data-path-to-node=\"3\" data-index-in-node=\"85\">RISPOSTA:<\/b> Certamente, intervengo con protocolli specifici per i soggetti provenienti dal canile, a partire dai 2 mesi di et\u00e0. In aggiunta, l&#8217;analisi si focalizza sul recupero emozionale e sul corretto inserimento nel nuovo contesto ambientale della Val d&#8217;Ambra.<\/p>\n<p data-path-to-node=\"4\"><b data-path-to-node=\"4\" data-index-in-node=\"0\">DOMANDA N. 9: Le razze o la taglia influenzano la possibilit\u00e0 di apprendimento?<\/b> <b data-path-to-node=\"4\" data-index-in-node=\"80\">RISPOSTA:<\/b> No, lavoro con cani di tutte le razze, taglie e tipologie, inclusi i meticci. Di conseguenza, il percorso non si basa su standard generici ma sulle caratteristiche individuali e uniche di ogni singolo soggetto.<\/p>\n<p data-path-to-node=\"5\"><b data-path-to-node=\"5\" data-index-in-node=\"0\">DOMANDA N. 10: \u00c8 possibile educare un cane anziano o senior?<\/b> <b data-path-to-node=\"5\" data-index-in-node=\"61\">RISPOSTA:<\/b> S\u00ec, confermo che non \u00e8 mai troppo tardi per migliorare la relazione. Infatti, come riconosciuto dalle neuroscienze, il cervello del cane \u00e8 plastico e mantiene la capacit\u00e0 di apprendere e modificare i propri schemi a qualunque et\u00e0. Inoltre \u00e8 la persona che dovrebbe imparare per prima.<\/p>\n<p data-path-to-node=\"6\"><b data-path-to-node=\"6\" data-index-in-node=\"0\">DOMANDA N. 11: Come viene gestita l&#8217;educazione dei cani adolescenti a Bucine?<\/b> <b data-path-to-node=\"6\" data-index-in-node=\"78\">RISPOSTA:<\/b> Affronto la fase dell&#8217;adolescenza con estrema attenzione, poich\u00e9 si tratta di un periodo di grandi cambiamenti cerebrali. Pertanto, l&#8217;obiettivo \u00e8 fornire una guida sicura che favorisca la maturazione verso l&#8217;et\u00e0 adulta in modo equilibrato.<\/p>\n<p data-path-to-node=\"7\"><b data-path-to-node=\"7\" data-index-in-node=\"0\">DOMANDA N. 12: Quali basi scientifiche sostengono che un cane adulto maturo possa ancora cambiare?<\/b> <b data-path-to-node=\"7\" data-index-in-node=\"99\">RISPOSTA:<\/b> Mi baso sui dati reali delle neuroscienze che dimostrano la plasticit\u00e0 neuronale. In altre parole, attraverso stimoli corretti e una comunicazione coerente, il cane pu\u00f2 sviluppare nuove competenze cognitive anche in et\u00e0 avanzata.<\/p>\n<p data-path-to-node=\"8\"><b data-path-to-node=\"8\" data-index-in-node=\"0\">DOMANDA N. 13: Il servizio a domicilio in Val d&#8217;Ambra copre tutte le fasi evolutive del cane?<\/b> <b data-path-to-node=\"8\" data-index-in-node=\"94\">RISPOSTA:<\/b> Seguo il cane nel suo intero ciclo di vita, dai cuccioli ai cani giovani fino ai senior. Conseguentemente, ogni fase riceve il supporto tecnico e nutrizionale pi\u00f9 adatto per garantire un benessere olistico duraturo.<\/p>\n<hr data-path-to-node=\"18\" \/>\n<p data-path-to-node=\"19\"><strong>L&#8217;E<\/strong><b data-path-to-node=\"9\" data-index-in-node=\"2\">ducazione Cinofila Comportamentale Together<span style=\"color: #ff0000;\">dog<\/span> del cane in Val d\u2019Ambra<\/b> richiede una sensibilit\u00e0 particolare, poich\u00e9 vivere in armonia con la natura di <b data-path-to-node=\"9\" data-index-in-node=\"117\">Ambra<\/b> e <b data-path-to-node=\"9\" data-index-in-node=\"125\">Bucine<\/b> \u00e8 un desiderio di ogni proprietario. <b data-path-to-node=\"9\" data-index-in-node=\"169\">Conseguentemente<\/b>, affidarsi all&#8217;Esperto del comportamento, linguaggio del cane che conosce profondamente il comportamento animale \u00e8 la scelta migliore per costruire un legame solido.<\/p>\n<p data-path-to-node=\"19\"><b data-path-to-node=\"9\" data-index-in-node=\"321\">Inoltre<\/b>, un approccio olistico permette di risolvere le incomprensioni quotidiane in modo naturale e duraturo.<\/p>\n<h3 data-path-to-node=\"19\">Contatti<\/h3>\n<ul data-path-to-node=\"21\">\n<li>\n<p class=\"p1\"><span class=\"s1\">\ud83d\udccd\ud83c\udfe0<\/span><strong> Consulenze\/Percorsi Cinofili a DOMICILIO: VAL D&#8217;AMBRA &#8211; VALDARNO<\/strong> (Aretino e Fiorentino), <strong>Arezzo, Siena, Firenze e province,<\/strong> (Altre zone a richiesta previo accordi). <span class=\"s1\">\ud83d\udc15<\/span><\/p>\n<\/li>\n<li>\n<p data-path-to-node=\"21,2,0\">\ud83d\udcde <b data-path-to-node=\"21,2,0\" data-index-in-node=\"3\">Telefono\/Whatsapp:<\/b> 347 3601667 \ud83d\udcf1<\/p>\n<\/li>\n<li><a href=\"https:\/\/istruttorecinofilo.it\/blog\/contatti-dal-sito\/\">\ud83d\udce7<span style=\"color: #333333;\"> Email: <\/span><\/a><a href=\"https:\/\/istruttorecinofilo.it\/blog\/contatti-dal-sito\/\">Scrivimi dal mio sito<\/a><\/li>\n<li>\n<p data-path-to-node=\"21,3,0\">\ud83d\udca1<a href=\"https:\/\/www.youtube.com\/@togetherdog\"> <b data-path-to-node=\"21,3,0\" data-index-in-node=\"3\">You Tube Togetherdog di Stefano Pesci\u00a0<\/b><\/a><\/p>\n<\/li>\n<\/ul>\n<blockquote data-path-to-node=\"22\">\n<p data-path-to-node=\"22,0\"><b data-path-to-node=\"22,0\" data-index-in-node=\"0\">&#8220;La connessione \u00e8 un Flusso Bidirezionale: non possiamo pretendere che il cane sia connesso a noi se noi non facciamo nulla per essere connessi a lui.&#8221; <\/b><\/p>\n<p data-path-to-node=\"22,0\"><b data-path-to-node=\"22,0\" data-index-in-node=\"0\">Stefano Pesci<\/b><\/p>\n<\/blockquote>\n<p>&nbsp;<\/p>\n<p>&nbsp;<\/p>\n","protected":false},"excerpt":{"rendered":"<p>L&#8217;Educazione Cinofila Comportamentale Togetherdog del cane anche in Val d\u2019Ambra rappresenta un elemento fondamentale per chi desidera vivere serenamente il territorio di Ambra e Bucine. [&hellip;]<\/p>\n","protected":false},"author":1,"featured_media":13549,"comment_status":"closed","ping_status":"closed","sticky":false,"template":"","format":"standard","meta":{"footnotes":""},"categories":[315,1687,281],"tags":[2789,2787,2788,2785,2786,2630,139,2710],"class_list":["post-14442","post","type-post","status-publish","format-standard","has-post-thumbnail","hentry","category-articoli","category-educazione-cinofila-evolutiva-togetherdog-in-valdarno","category-notizie","tag-addestramento-cani-bucine","tag-benessere-olistico-cane","tag-consulenza-nutrizionale-reico","tag-educazione-cinofila-val-dambra","tag-istruttore-cinofilo-comportamentale-metodo-togetherdog","tag-relazione-cane-umano","tag-stefano-pesci","tag-turid-rugaas-italia"],"yoast_head":"<!-- This site is optimized with the Yoast SEO plugin v27.9 - https:\/\/yoast.com\/product\/yoast-seo-wordpress\/ -->\n<title>Educazione del cane Val d&#039;Ambra: Stefano Pesci Togetherdog - Istruttore Cinofilo - Stefano Pesci<\/title>\n<meta name=\"description\" content=\"Cerchi un Esperto per l&#039;Educazione Cinofila Comportamentale del cane a Bucine e in Val d&#039;Ambra? Contatta Stefano Pesci: Indagine 360 gradi - Corsi Educativi\" \/>\n<meta name=\"robots\" content=\"index, follow, max-snippet:-1, max-image-preview:large, max-video-preview:-1\" \/>\n<link rel=\"canonical\" href=\"https:\/\/istruttorecinofilo.it\/blog\/educazione-del-cane-val-dambra-stefano-pesci-togetherdog\/\" \/>\n<meta property=\"og:locale\" content=\"it_IT\" \/>\n<meta property=\"og:type\" content=\"article\" \/>\n<meta property=\"og:title\" content=\"Educazione del cane Val d&#039;Ambra: Stefano Pesci Togetherdog - Istruttore Cinofilo - Stefano Pesci\" \/>\n<meta property=\"og:description\" content=\"Cerchi un Esperto per l&#039;Educazione Cinofila Comportamentale del cane a Bucine e in Val d&#039;Ambra? Contatta Stefano Pesci: Indagine 360 gradi - Corsi Educativi\" \/>\n<meta property=\"og:url\" content=\"https:\/\/istruttorecinofilo.it\/blog\/educazione-del-cane-val-dambra-stefano-pesci-togetherdog\/\" \/>\n<meta property=\"og:site_name\" content=\"Istruttore Cinofilo - Stefano Pesci\" \/>\n<meta property=\"article:publisher\" content=\"https:\/\/www.facebook.com\/togetherdog\/\" \/>\n<meta property=\"article:published_time\" content=\"2026-02-28T16:24:30+00:00\" \/>\n<meta property=\"article:modified_time\" content=\"2026-03-01T22:06:56+00:00\" \/>\n<meta property=\"og:image\" content=\"https:\/\/istruttorecinofilo.it\/blog\/wp-content\/uploads\/2025\/12\/49_ZARA_FOTO_BELLE_STEFANO_PESCI.jpeg\" \/>\n\t<meta property=\"og:image:width\" content=\"2048\" \/>\n\t<meta property=\"og:image:height\" content=\"1536\" \/>\n\t<meta property=\"og:image:type\" content=\"image\/jpeg\" \/>\n<meta name=\"author\" content=\"Stefano Pesci\" \/>\n<meta name=\"twitter:card\" content=\"summary_large_image\" \/>\n<meta name=\"twitter:label1\" content=\"Scritto da\" \/>\n\t<meta name=\"twitter:data1\" content=\"Stefano Pesci\" \/>\n\t<meta name=\"twitter:label2\" content=\"Tempo di lettura stimato\" \/>\n\t<meta name=\"twitter:data2\" content=\"5 minuti\" \/>\n<script type=\"application\/ld+json\" class=\"yoast-schema-graph\">{\"@context\":\"https:\\\/\\\/schema.org\",\"@graph\":[{\"@type\":\"Article\",\"@id\":\"https:\\\/\\\/istruttorecinofilo.it\\\/blog\\\/educazione-del-cane-val-dambra-stefano-pesci-togetherdog\\\/#article\",\"isPartOf\":{\"@id\":\"https:\\\/\\\/istruttorecinofilo.it\\\/blog\\\/educazione-del-cane-val-dambra-stefano-pesci-togetherdog\\\/\"},\"author\":{\"name\":\"Stefano Pesci\",\"@id\":\"https:\\\/\\\/istruttorecinofilo.it\\\/blog\\\/#\\\/schema\\\/person\\\/f202513674f34af6e81fae0c45ab5195\"},\"headline\":\"Educazione del cane Val d&#8217;Ambra: Stefano Pesci Togetherdog\",\"datePublished\":\"2026-02-28T16:24:30+00:00\",\"dateModified\":\"2026-03-01T22:06:56+00:00\",\"mainEntityOfPage\":{\"@id\":\"https:\\\/\\\/istruttorecinofilo.it\\\/blog\\\/educazione-del-cane-val-dambra-stefano-pesci-togetherdog\\\/\"},\"wordCount\":1044,\"image\":{\"@id\":\"https:\\\/\\\/istruttorecinofilo.it\\\/blog\\\/educazione-del-cane-val-dambra-stefano-pesci-togetherdog\\\/#primaryimage\"},\"thumbnailUrl\":\"https:\\\/\\\/istruttorecinofilo.it\\\/blog\\\/wp-content\\\/uploads\\\/2025\\\/12\\\/49_ZARA_FOTO_BELLE_STEFANO_PESCI.jpeg\",\"keywords\":[\"Addestramento cani Bucine\",\"Benessere Olistico Cane\",\"Consulenza Nutrizionale Reico\",\"Educazione Cinofila Val d'Ambra\",\"Istruttore Cinofilo Comportamentale Metodo Togetherdog\",\"Relazione Cane Umano\",\"stefano pesci\",\"Turid Rugaas Italia\"],\"articleSection\":[\"Articoli\",\"Educazione Cinofila Evolutiva Togetherdog in Valdarno\",\"Notizie\"],\"inLanguage\":\"it-IT\"},{\"@type\":\"WebPage\",\"@id\":\"https:\\\/\\\/istruttorecinofilo.it\\\/blog\\\/educazione-del-cane-val-dambra-stefano-pesci-togetherdog\\\/\",\"url\":\"https:\\\/\\\/istruttorecinofilo.it\\\/blog\\\/educazione-del-cane-val-dambra-stefano-pesci-togetherdog\\\/\",\"name\":\"Educazione del cane Val d'Ambra: Stefano Pesci Togetherdog - Istruttore Cinofilo - Stefano Pesci\",\"isPartOf\":{\"@id\":\"https:\\\/\\\/istruttorecinofilo.it\\\/blog\\\/#website\"},\"primaryImageOfPage\":{\"@id\":\"https:\\\/\\\/istruttorecinofilo.it\\\/blog\\\/educazione-del-cane-val-dambra-stefano-pesci-togetherdog\\\/#primaryimage\"},\"image\":{\"@id\":\"https:\\\/\\\/istruttorecinofilo.it\\\/blog\\\/educazione-del-cane-val-dambra-stefano-pesci-togetherdog\\\/#primaryimage\"},\"thumbnailUrl\":\"https:\\\/\\\/istruttorecinofilo.it\\\/blog\\\/wp-content\\\/uploads\\\/2025\\\/12\\\/49_ZARA_FOTO_BELLE_STEFANO_PESCI.jpeg\",\"datePublished\":\"2026-02-28T16:24:30+00:00\",\"dateModified\":\"2026-03-01T22:06:56+00:00\",\"author\":{\"@id\":\"https:\\\/\\\/istruttorecinofilo.it\\\/blog\\\/#\\\/schema\\\/person\\\/f202513674f34af6e81fae0c45ab5195\"},\"description\":\"Cerchi un Esperto per l'Educazione Cinofila Comportamentale del cane a Bucine e in Val d'Ambra? Contatta Stefano Pesci: Indagine 360 gradi - Corsi Educativi\",\"breadcrumb\":{\"@id\":\"https:\\\/\\\/istruttorecinofilo.it\\\/blog\\\/educazione-del-cane-val-dambra-stefano-pesci-togetherdog\\\/#breadcrumb\"},\"inLanguage\":\"it-IT\",\"potentialAction\":[{\"@type\":\"ReadAction\",\"target\":[\"https:\\\/\\\/istruttorecinofilo.it\\\/blog\\\/educazione-del-cane-val-dambra-stefano-pesci-togetherdog\\\/\"]}]},{\"@type\":\"ImageObject\",\"inLanguage\":\"it-IT\",\"@id\":\"https:\\\/\\\/istruttorecinofilo.it\\\/blog\\\/educazione-del-cane-val-dambra-stefano-pesci-togetherdog\\\/#primaryimage\",\"url\":\"https:\\\/\\\/istruttorecinofilo.it\\\/blog\\\/wp-content\\\/uploads\\\/2025\\\/12\\\/49_ZARA_FOTO_BELLE_STEFANO_PESCI.jpeg\",\"contentUrl\":\"https:\\\/\\\/istruttorecinofilo.it\\\/blog\\\/wp-content\\\/uploads\\\/2025\\\/12\\\/49_ZARA_FOTO_BELLE_STEFANO_PESCI.jpeg\",\"width\":2048,\"height\":1536,\"caption\":\"La Lenta Riscoperta della Libert\u00e0 di Zara\"},{\"@type\":\"BreadcrumbList\",\"@id\":\"https:\\\/\\\/istruttorecinofilo.it\\\/blog\\\/educazione-del-cane-val-dambra-stefano-pesci-togetherdog\\\/#breadcrumb\",\"itemListElement\":[{\"@type\":\"ListItem\",\"position\":1,\"name\":\"Home\",\"item\":\"https:\\\/\\\/istruttorecinofilo.it\\\/blog\\\/\"},{\"@type\":\"ListItem\",\"position\":2,\"name\":\"Educazione del cane Val d&#8217;Ambra: Stefano Pesci Togetherdog\"}]},{\"@type\":\"WebSite\",\"@id\":\"https:\\\/\\\/istruttorecinofilo.it\\\/blog\\\/#website\",\"url\":\"https:\\\/\\\/istruttorecinofilo.it\\\/blog\\\/\",\"name\":\"Istruttore Cinofilo - Stefano Pesci\",\"description\":\"Istruttore Educatore Cinofilo Comportamentale: Esperto in Microsegnali. La connessione \u00e8 un flusso bidirezionale: guidare l&#039;umano per comprendere il cane.\",\"potentialAction\":[{\"@type\":\"SearchAction\",\"target\":{\"@type\":\"EntryPoint\",\"urlTemplate\":\"https:\\\/\\\/istruttorecinofilo.it\\\/blog\\\/?s={search_term_string}\"},\"query-input\":{\"@type\":\"PropertyValueSpecification\",\"valueRequired\":true,\"valueName\":\"search_term_string\"}}],\"inLanguage\":\"it-IT\"},{\"@type\":\"Person\",\"@id\":\"https:\\\/\\\/istruttorecinofilo.it\\\/blog\\\/#\\\/schema\\\/person\\\/f202513674f34af6e81fae0c45ab5195\",\"name\":\"Stefano Pesci\",\"image\":{\"@type\":\"ImageObject\",\"inLanguage\":\"it-IT\",\"@id\":\"https:\\\/\\\/secure.gravatar.com\\\/avatar\\\/a072448102498535e2e9fe1fc1afd01b466f2cea85464ce381a65b2bfae96aa2?s=96&d=mm&r=g\",\"url\":\"https:\\\/\\\/secure.gravatar.com\\\/avatar\\\/a072448102498535e2e9fe1fc1afd01b466f2cea85464ce381a65b2bfae96aa2?s=96&d=mm&r=g\",\"contentUrl\":\"https:\\\/\\\/secure.gravatar.com\\\/avatar\\\/a072448102498535e2e9fe1fc1afd01b466f2cea85464ce381a65b2bfae96aa2?s=96&d=mm&r=g\",\"caption\":\"Stefano Pesci\"}}]}<\/script>\n<!-- \/ Yoast SEO plugin. -->","yoast_head_json":{"title":"Educazione del cane Val d'Ambra: Stefano Pesci Togetherdog - Istruttore Cinofilo - Stefano Pesci","description":"Cerchi un Esperto per l'Educazione Cinofila Comportamentale del cane a Bucine e in Val d'Ambra? Contatta Stefano Pesci: Indagine 360 gradi - Corsi Educativi","robots":{"index":"index","follow":"follow","max-snippet":"max-snippet:-1","max-image-preview":"max-image-preview:large","max-video-preview":"max-video-preview:-1"},"canonical":"https:\/\/istruttorecinofilo.it\/blog\/educazione-del-cane-val-dambra-stefano-pesci-togetherdog\/","og_locale":"it_IT","og_type":"article","og_title":"Educazione del cane Val d'Ambra: Stefano Pesci Togetherdog - Istruttore Cinofilo - Stefano Pesci","og_description":"Cerchi un Esperto per l'Educazione Cinofila Comportamentale del cane a Bucine e in Val d'Ambra? Contatta Stefano Pesci: Indagine 360 gradi - Corsi Educativi","og_url":"https:\/\/istruttorecinofilo.it\/blog\/educazione-del-cane-val-dambra-stefano-pesci-togetherdog\/","og_site_name":"Istruttore Cinofilo - Stefano Pesci","article_publisher":"https:\/\/www.facebook.com\/togetherdog\/","article_published_time":"2026-02-28T16:24:30+00:00","article_modified_time":"2026-03-01T22:06:56+00:00","og_image":[{"width":2048,"height":1536,"url":"https:\/\/istruttorecinofilo.it\/blog\/wp-content\/uploads\/2025\/12\/49_ZARA_FOTO_BELLE_STEFANO_PESCI.jpeg","type":"image\/jpeg"}],"author":"Stefano Pesci","twitter_card":"summary_large_image","twitter_misc":{"Scritto da":"Stefano Pesci","Tempo di lettura stimato":"5 minuti"},"schema":{"@context":"https:\/\/schema.org","@graph":[{"@type":"Article","@id":"https:\/\/istruttorecinofilo.it\/blog\/educazione-del-cane-val-dambra-stefano-pesci-togetherdog\/#article","isPartOf":{"@id":"https:\/\/istruttorecinofilo.it\/blog\/educazione-del-cane-val-dambra-stefano-pesci-togetherdog\/"},"author":{"name":"Stefano Pesci","@id":"https:\/\/istruttorecinofilo.it\/blog\/#\/schema\/person\/f202513674f34af6e81fae0c45ab5195"},"headline":"Educazione del cane Val d&#8217;Ambra: Stefano Pesci Togetherdog","datePublished":"2026-02-28T16:24:30+00:00","dateModified":"2026-03-01T22:06:56+00:00","mainEntityOfPage":{"@id":"https:\/\/istruttorecinofilo.it\/blog\/educazione-del-cane-val-dambra-stefano-pesci-togetherdog\/"},"wordCount":1044,"image":{"@id":"https:\/\/istruttorecinofilo.it\/blog\/educazione-del-cane-val-dambra-stefano-pesci-togetherdog\/#primaryimage"},"thumbnailUrl":"https:\/\/istruttorecinofilo.it\/blog\/wp-content\/uploads\/2025\/12\/49_ZARA_FOTO_BELLE_STEFANO_PESCI.jpeg","keywords":["Addestramento cani Bucine","Benessere Olistico Cane","Consulenza Nutrizionale Reico","Educazione Cinofila Val d'Ambra","Istruttore Cinofilo Comportamentale Metodo Togetherdog","Relazione Cane Umano","stefano pesci","Turid Rugaas Italia"],"articleSection":["Articoli","Educazione Cinofila Evolutiva Togetherdog in Valdarno","Notizie"],"inLanguage":"it-IT"},{"@type":"WebPage","@id":"https:\/\/istruttorecinofilo.it\/blog\/educazione-del-cane-val-dambra-stefano-pesci-togetherdog\/","url":"https:\/\/istruttorecinofilo.it\/blog\/educazione-del-cane-val-dambra-stefano-pesci-togetherdog\/","name":"Educazione del cane Val d'Ambra: Stefano Pesci Togetherdog - Istruttore Cinofilo - Stefano Pesci","isPartOf":{"@id":"https:\/\/istruttorecinofilo.it\/blog\/#website"},"primaryImageOfPage":{"@id":"https:\/\/istruttorecinofilo.it\/blog\/educazione-del-cane-val-dambra-stefano-pesci-togetherdog\/#primaryimage"},"image":{"@id":"https:\/\/istruttorecinofilo.it\/blog\/educazione-del-cane-val-dambra-stefano-pesci-togetherdog\/#primaryimage"},"thumbnailUrl":"https:\/\/istruttorecinofilo.it\/blog\/wp-content\/uploads\/2025\/12\/49_ZARA_FOTO_BELLE_STEFANO_PESCI.jpeg","datePublished":"2026-02-28T16:24:30+00:00","dateModified":"2026-03-01T22:06:56+00:00","author":{"@id":"https:\/\/istruttorecinofilo.it\/blog\/#\/schema\/person\/f202513674f34af6e81fae0c45ab5195"},"description":"Cerchi un Esperto per l'Educazione Cinofila Comportamentale del cane a Bucine e in Val d'Ambra? Contatta Stefano Pesci: Indagine 360 gradi - Corsi Educativi","breadcrumb":{"@id":"https:\/\/istruttorecinofilo.it\/blog\/educazione-del-cane-val-dambra-stefano-pesci-togetherdog\/#breadcrumb"},"inLanguage":"it-IT","potentialAction":[{"@type":"ReadAction","target":["https:\/\/istruttorecinofilo.it\/blog\/educazione-del-cane-val-dambra-stefano-pesci-togetherdog\/"]}]},{"@type":"ImageObject","inLanguage":"it-IT","@id":"https:\/\/istruttorecinofilo.it\/blog\/educazione-del-cane-val-dambra-stefano-pesci-togetherdog\/#primaryimage","url":"https:\/\/istruttorecinofilo.it\/blog\/wp-content\/uploads\/2025\/12\/49_ZARA_FOTO_BELLE_STEFANO_PESCI.jpeg","contentUrl":"https:\/\/istruttorecinofilo.it\/blog\/wp-content\/uploads\/2025\/12\/49_ZARA_FOTO_BELLE_STEFANO_PESCI.jpeg","width":2048,"height":1536,"caption":"La Lenta Riscoperta della Libert\u00e0 di Zara"},{"@type":"BreadcrumbList","@id":"https:\/\/istruttorecinofilo.it\/blog\/educazione-del-cane-val-dambra-stefano-pesci-togetherdog\/#breadcrumb","itemListElement":[{"@type":"ListItem","position":1,"name":"Home","item":"https:\/\/istruttorecinofilo.it\/blog\/"},{"@type":"ListItem","position":2,"name":"Educazione del cane Val d&#8217;Ambra: Stefano Pesci Togetherdog"}]},{"@type":"WebSite","@id":"https:\/\/istruttorecinofilo.it\/blog\/#website","url":"https:\/\/istruttorecinofilo.it\/blog\/","name":"Istruttore Cinofilo - Stefano Pesci","description":"Istruttore Educatore Cinofilo Comportamentale: Esperto in Microsegnali. La connessione \u00e8 un flusso bidirezionale: guidare l&#039;umano per comprendere il cane.","potentialAction":[{"@type":"SearchAction","target":{"@type":"EntryPoint","urlTemplate":"https:\/\/istruttorecinofilo.it\/blog\/?s={search_term_string}"},"query-input":{"@type":"PropertyValueSpecification","valueRequired":true,"valueName":"search_term_string"}}],"inLanguage":"it-IT"},{"@type":"Person","@id":"https:\/\/istruttorecinofilo.it\/blog\/#\/schema\/person\/f202513674f34af6e81fae0c45ab5195","name":"Stefano Pesci","image":{"@type":"ImageObject","inLanguage":"it-IT","@id":"https:\/\/secure.gravatar.com\/avatar\/a072448102498535e2e9fe1fc1afd01b466f2cea85464ce381a65b2bfae96aa2?s=96&d=mm&r=g","url":"https:\/\/secure.gravatar.com\/avatar\/a072448102498535e2e9fe1fc1afd01b466f2cea85464ce381a65b2bfae96aa2?s=96&d=mm&r=g","contentUrl":"https:\/\/secure.gravatar.com\/avatar\/a072448102498535e2e9fe1fc1afd01b466f2cea85464ce381a65b2bfae96aa2?s=96&d=mm&r=g","caption":"Stefano Pesci"}}]}},"_links":{"self":[{"href":"https:\/\/istruttorecinofilo.it\/blog\/wp-json\/wp\/v2\/posts\/14442","targetHints":{"allow":["GET"]}}],"collection":[{"href":"https:\/\/istruttorecinofilo.it\/blog\/wp-json\/wp\/v2\/posts"}],"about":[{"href":"https:\/\/istruttorecinofilo.it\/blog\/wp-json\/wp\/v2\/types\/post"}],"author":[{"embeddable":true,"href":"https:\/\/istruttorecinofilo.it\/blog\/wp-json\/wp\/v2\/users\/1"}],"replies":[{"embeddable":true,"href":"https:\/\/istruttorecinofilo.it\/blog\/wp-json\/wp\/v2\/comments?post=14442"}],"version-history":[{"count":15,"href":"https:\/\/istruttorecinofilo.it\/blog\/wp-json\/wp\/v2\/posts\/14442\/revisions"}],"predecessor-version":[{"id":14457,"href":"https:\/\/istruttorecinofilo.it\/blog\/wp-json\/wp\/v2\/posts\/14442\/revisions\/14457"}],"wp:featuredmedia":[{"embeddable":true,"href":"https:\/\/istruttorecinofilo.it\/blog\/wp-json\/wp\/v2\/media\/13549"}],"wp:attachment":[{"href":"https:\/\/istruttorecinofilo.it\/blog\/wp-json\/wp\/v2\/media?parent=14442"}],"wp:term":[{"taxonomy":"category","embeddable":true,"href":"https:\/\/istruttorecinofilo.it\/blog\/wp-json\/wp\/v2\/categories?post=14442"},{"taxonomy":"post_tag","embeddable":true,"href":"https:\/\/istruttorecinofilo.it\/blog\/wp-json\/wp\/v2\/tags?post=14442"}],"curies":[{"name":"wp","href":"https:\/\/api.w.org\/{rel}","templated":true}]}}