{"id":2998,"date":"2020-03-16T16:39:12","date_gmt":"2020-03-16T15:39:12","guid":{"rendered":"http:\/\/istruttorecinofilo.it\/blog\/?p=2998"},"modified":"2020-07-07T20:34:45","modified_gmt":"2020-07-07T18:34:45","slug":"case-history-cucciola-di-pastore-svizzero-bianco-69-giorni","status":"publish","type":"post","link":"https:\/\/istruttorecinofilo.it\/blog\/case-history-cucciola-di-pastore-svizzero-bianco-69-giorni\/","title":{"rendered":"Case History: CUCCIOLA di Pastore Svizzero Bianco 69 giorni"},"content":{"rendered":"<h1 style=\"text-align: center;\"><span style=\"color: #ff00ff;\">SHARON &#8220;CUCCIOLA&#8221; <\/span><\/h1>\n<h1 style=\"text-align: center;\"><span style=\"color: #0000ff;\">di Pastore Svizzero Bianco 69 giorni<\/span><\/h1>\n<h1 style=\"text-align: center;\">(Case History)<\/h1>\n<p><span style=\"color: #ff00ff;\">La mia piccola Sharon da cucciola! Meravigliosa!<\/span><\/p>\n<p><a href=\"https:\/\/istruttorecinofilo.it\/blog\/talento-e-punti-di-forza\/\"><img decoding=\"async\" class=\"alignnone size-full wp-image-3049\" src=\"https:\/\/istruttorecinofilo.it\/blog\/wp-content\/uploads\/2020\/03\/10_SHARON_CUCCIOLA_PRIMO_PIANO_CASA_1373.jpg\" alt=\"SHARON 70 GIORNI - CASE HISTORY CUCCIOLA PASTORE SVIZZERO BIANCO\" width=\"2048\" height=\"1151\" srcset=\"https:\/\/istruttorecinofilo.it\/blog\/wp-content\/uploads\/2020\/03\/10_SHARON_CUCCIOLA_PRIMO_PIANO_CASA_1373-200x112.jpg 200w, https:\/\/istruttorecinofilo.it\/blog\/wp-content\/uploads\/2020\/03\/10_SHARON_CUCCIOLA_PRIMO_PIANO_CASA_1373-300x169.jpg 300w, https:\/\/istruttorecinofilo.it\/blog\/wp-content\/uploads\/2020\/03\/10_SHARON_CUCCIOLA_PRIMO_PIANO_CASA_1373-400x225.jpg 400w, https:\/\/istruttorecinofilo.it\/blog\/wp-content\/uploads\/2020\/03\/10_SHARON_CUCCIOLA_PRIMO_PIANO_CASA_1373-600x337.jpg 600w, https:\/\/istruttorecinofilo.it\/blog\/wp-content\/uploads\/2020\/03\/10_SHARON_CUCCIOLA_PRIMO_PIANO_CASA_1373-768x432.jpg 768w, https:\/\/istruttorecinofilo.it\/blog\/wp-content\/uploads\/2020\/03\/10_SHARON_CUCCIOLA_PRIMO_PIANO_CASA_1373-800x450.jpg 800w, https:\/\/istruttorecinofilo.it\/blog\/wp-content\/uploads\/2020\/03\/10_SHARON_CUCCIOLA_PRIMO_PIANO_CASA_1373-1024x576.jpg 1024w, https:\/\/istruttorecinofilo.it\/blog\/wp-content\/uploads\/2020\/03\/10_SHARON_CUCCIOLA_PRIMO_PIANO_CASA_1373-1200x674.jpg 1200w, https:\/\/istruttorecinofilo.it\/blog\/wp-content\/uploads\/2020\/03\/10_SHARON_CUCCIOLA_PRIMO_PIANO_CASA_1373.jpg 2048w\" sizes=\"(max-width: 2048px) 100vw, 2048px\" \/><\/a><\/p>\n<p>Ciao sono Stefano Pesci Istruttore Educatore Cinofilo Comportamentale.<\/p>\n<p>in questo articolo ti parler\u00f2 della storia di un caso (Case History) che mi ha visto protagonista come normale comune proprietario di un cucciolo di cane, il mio cane cucciola che ho scelto di chiamare Sharon ed \u00e8 una femmina di Pastore Svizzero bianco<\/p>\n<p>Un caso che mi ha preso particolarmente il cuore per le emozioni e gli stati d&#8217;animo emerse dalla mia cucciola Sharon, poich\u00e9 coinvolto personalmente emotivamente essendo Sharon il mio cane personale, di famiglia e di lavoro ed essendo passati oltre 13 anni dall&#8217;ultima volta che avevo preso un cane cucciolo.<\/p>\n<p>Ti racconter\u00f2 quello che \u00e8 ACCADUTO esattamente, come era, cosa abbiamo passato, cosa ha provato la cucciola, cosa ho provato, cosa ho fatto per\u00a0 aiutarla a crescere al meglio.<\/p>\n<p>Ebbene si !<\/p>\n<p>Anch\u2019io come qualsiasi persona che prende adotta un cane, mi trovo di fronte a degli ostacoli, a delle situazioni che per me rappresentano UNA SFIDA a dover agire al meglio per preparare il mio cane cucciolo alla vita e alle situazioni che vivo.<\/p>\n<p>I cani sono esseri senzienti provano emozioni come noi.<\/p>\n<p>Anche noi esseri umani proviamo emozioni , sentimenti e da piccoli potremmo esserci trovati in difficolt\u00e0 con la vita, con le situazioni , facendo emergere disagi.<\/p>\n<p>Vediamo di conoscere di pi\u00f9 di Sharon Cucciola<\/p>\n<p><strong>NOME CANE:\u00a0<\/strong> Sharon<br \/>\n<strong>RAZZA:<\/strong> Pastore svizzero bianco<br \/>\n<strong>NATA:<\/strong> 20 marzo 2014<br \/>\n<strong>ADOTTATA:<\/strong> a 69 giorni di et\u00e0 ( presa\/portata a casa il 29 Maggio 2014)<br \/>\n<strong>SESSO:\u00a0<\/strong> femmina<br \/>\n<strong>ANIMALI PRESENTI IN CASA:<\/strong> Micia (Gatta di 2 anni e mezzo) &#8211; Paco (Labrador Retriever maschio 14 anni)<\/p>\n<p><strong>PROVENIENZA :<\/strong> Allevamento\/allevatore<\/p>\n<p><strong>SEGNI PARTICOLARI:<\/strong> Meravigliosa<\/p>\n<p>Sharon \u00e8 un cane cucciolo femmina di pastore svizzero bianco, un principalmente entusiasta, amorosa, intelligente, dolce, affettuosa, divertente, che \u00e8 entrata subito in sintonia con l&#8217;Esperto Paco cane maschio Labrador di 14 anni detto &#8220;The Mind&#8221; e la simpatica astuta gatta di nome Micia detta anche &#8220;La contessa&#8221;.<\/p>\n<p>Sharon oltre a tante aspetti belli sopracitati, ha anche mostrato fin da subito varie emozioni, tra cui l&#8217;emozione principale \u00e8 stata la PAURA e stati d&#8217;animo d&#8217;irrequietezza, agitazione improvvisa, frustrazione, difficolt\u00e0 a controllarsi emotivamente in alcuni contesti, circostanze.<\/p>\n<h2 style=\"text-align: center;\"><strong>LA STORIA DI SHARON<\/strong><\/h2>\n<p><strong>Come mai ho scelto un cane Pastore Svizzero Bianco ?<\/strong><\/p>\n<p>Nel novembre 2014 mi trovavo a Roma per lavoro quando ho visto un cane bianco meraviglioso elegante forte bello muscoloso che smuoveva leggero agile ma potente con stile con lo sguardo vigile intelligente vivace.. Mi ha subito colpito. La razza pastore svizzero bianco la conoscevo e mi piaceva.<\/p>\n<p>Ho chiesto informazioni sulla sua provenienza da quale allevamento e dove .<\/p>\n<p>Avrei voluto un cane cosi ! Ma avendo gi\u00e0 due cani : Paco un cane maschio di Labrador di 14 anni e Bessy una femmina incrocio lupo husky di 8 anni. Per cui\u00a0 l\u2019idea era rimasta nel cassetto come sogno futuro.<br \/>\nMa &#8230;Alcuni mesi dopo nel marzo 2014, Bessy il cane femmina incrocio lupo husky mi ha lasciato una notte di marzo 2014 . E\u2019 morta fra le mie braccia per le conseguenze di una grave incurabile malattia. E&#8217; stato un grande dolore per me. La dolce Bessy mi aveva lasciato per sempre. Per il suo ed il mio bene ho accettato questo imprevisto evento. Ho ringraziato Bessy che rimarr\u00e0 sempre nel mio cuore.<\/p>\n<h3>LA\u00a0 SCELTA DI SHARON<\/h3>\n<p>Sono andato a vedere l&#8217;allevamento di pastore svizzero bianco e ho parlato con l&#8217;allevatore. La prima impressione \u00e8 stata buona. ci sarebbe stato una prossima cucciolata.<\/p>\n<p>Gli esemplari erano bellissimi e l&#8217;allevatore alleva solo pastori svizzeri bianchi.<\/p>\n<p>Ho prenotato il cane e gli ho chiesto la gentilezza di lasciare la mia cucciolo insieme alla madre pi\u00f9 a lungo.<\/p>\n<p>Siamo rimasti che sarei tornato prima dei 2 mesi per scegliere la cucciola.<\/p>\n<p>L&#8217;ambiente dove viveva Sharon erano delle gabbie\u00a0 vicino alla casa dell&#8217;allevatore\u00a0 con tanto verde e tanto sole. Il luogo era campagna.<\/p>\n<p>Dopo 43 giorni sono tornato, i cuccioli erano gi\u00e0 stati staccati dalla madre( secondo me precocemente).<\/p>\n<p>Ho scelto la mia cucciola fra 6\/7 cuccioli .<\/p>\n<p>Ho scelto il cucciolo che a mio parere era pi\u00f9 curioso e che prendeva pi\u00f9 iniziative anche di allontanarsi dalla cucciolata.<\/p>\n<p>L&#8217;allevatore gli ha messo un fiocco colorato per identificarla.<\/p>\n<p>Il 29 maggio 2014 \u00e8 arrivato l&#8217;atteso giorno di portare a casa Sharon la mia cucciola di pastore svizzero bianco.<\/p>\n<p>Aveva\u00a0 69 giorni ero emozionato.<\/p>\n<p>Quando sono arrivato l&#8217;allevatore aveva Sharon gi\u00e0 in braccio (mi ha stupito questo) ha messo la cucciola a terra non si muoveva era pietrificata bloccata ferma seduta, si vedeva che aveva paura . ..Eppure era nel suo ambiente&#8230;<\/p>\n<p>Un ambiente grandissimo con bellissimi giardini, tanto verde, diversi uomini, persone che lavorano\u00a0 con strumenti in mano(stavano facendo lavori, delle ristrutturazioni, molti erano muratori o simili) l&#8217;allevatore aveva bambini piccoli, biciclette, motorini.<\/p>\n<p>Sharon era molto bloccata dalla paura , ho avuto persino il pensiero il dubbio , che l&#8217;allevatore mi avesse dato un altro cucciolo.<\/p>\n<p>Infatti nella cucciolata c&#8217;era una cucciola femmina che aveva paura e l&#8217;allevatore temeva che gli sarebbe rimasta che difficilmente sarebbe riuscita a darla via.<\/p>\n<p>Magari il mio \u00e8 stato solo un pensiero, forse errato del momento.. Ma ancor&#8217;oggi rimasto.<\/p>\n<p>In ogni caso sono stato e lo sono tutt&#8217;ora\u00a0 STRAFELICE della SCELTA di Sharon e di averla portata nella mia vita.<\/p>\n<p>Avere Sharon con me \u00e8 stato un DONO dal cielo e ancora oggi RINGRAZIO.<\/p>\n<p>TUTTAVIA Sharon\u00a0 sia per la razza sia perch\u00e9 cucciola ha RAPPRESENTATO anche una nuova SFIDA\u00a0 tirando fuori <a href=\"https:\/\/istruttorecinofilo.it\/blog\/talento-e-punti-di-forza\/\">il mio talento e i miei punti di forza<\/a> per quanto riguarda l&#8217;istruzione, l&#8217;apprendimento, l&#8217;educazione, l&#8217;addestramento che un cucciolo di cane richiede.<\/p>\n<h3>SHARON NELLA NUOVA CASA<\/h3>\n<p>Vive in casa con giardino protetto da muro e da siepe &#8211; il tutto rialzato al primo piano in zona periferica con verde vicino.<\/p>\n<p>E\u2019 serena attenta sta vicino a ma sa anche stare in altra stanza o un po\u2019 distante anche se le piace stare in ufficio sotto la scrivania davanti a me.<\/p>\n<p>Sharon da subito\u00a0 si mostra iperattiva, sempre in movimento deve sempre fare qualcosa o mordere qualcosa.<\/p>\n<p>Inizialmente prendeva oggetti\/cose, le scarpe, i calzini specialmente e i primi giorni dormiva 4\/5 ore la notte e pochi pisolini il giorno .<\/p>\n<p>Fin da subito ha scelto di dormire\u00a0 sotto il mio letto, in uffici nell\u2019angolo, in cucina\/sala o nel cuscino o sotto un mobile o sotto la tavola o in un angolo dietro la porta.<\/p>\n<p>Sharon\u00a0 una volta nella mia casa si \u00e8 rivelata \u00e8 principalmente un cane curioso, un cane entusiasta ma anche ha mostrato un lato opposto fin dal primo giorno manifestando emozioni come la paura, uno stato d&#8217;eccitazione molto elevato. un irrequietezza ed una spiccata tendenza a fare sempre qualcosa.<\/p>\n<p>Sharon si \u00e8 rivelata un cane molto dolce affettuosa, amorosa, piacevole, intelligente, ma anche un cane molto forte fisicamente con un altissimo livello di energia e con emozioni elevate di paura.<\/p>\n<p>E&#8217; entrata sin da subito in sintonia con la mia gatta Micia instaurando un rapporto speciale.<\/p>\n<h3><strong>LE EMOZIONI GLI STATI D\u2019ANIMO DA MIGLIORARE &#8211; GLI OSTACOLI DA FARLE SUPERARE<\/strong><\/h3>\n<blockquote>\n<p class=\"p1\"><strong><em>La paura non puoi metterla a dormire. E\u2019 sempre sveglia.<\/em><\/strong><\/p>\n<p class=\"p1\"><em>(Anonimo)<\/em><\/p>\n<\/blockquote>\n<p><strong>Che cosa le accadeva ?<\/strong><\/p>\n<p><strong>PAURE<\/strong><\/p>\n<p><strong>PAURE PERSONE:<\/strong><br \/>\nPaura persone fin dal primo giorno<br \/>\nPaura bambini fin dal primo giorno<br \/>\nPaura cani fin dal primo giorno<br \/>\nPaura passeggini con bambini fin dal primo giorno<br \/>\nPersone con passeggino<br \/>\nPaura Bambini piccoli<br \/>\nPaura Bambini che urlano<br \/>\nPaura Bambini che si muovono a scatti<br \/>\nPaura Bambini che corrono<br \/>\nPaura persone che lavorano e che hanno attrezzi<\/p>\n<p>Paura Uomini<br \/>\nPaura Donne<br \/>\nPersone che fissano il cane uomini e donne<br \/>\nPaura\u00a0 persone Anziane<br \/>\nPersone che si muovono in modo strano<br \/>\nPersone che camminano dirette verso il cane<\/p>\n<p>Persone che allungano le mani che tentano di accarezzarla<br \/>\nPersone che toccano il cane sopra la testa<br \/>\nPersone che sbattono le mani<br \/>\nPersone che si muovono veloce<br \/>\nPersone che sollevano le mani<br \/>\nPersone che camminano con buste della spesa<br \/>\npersone che lavorano con strumenti esempio: con decespugliatore, con strumento disinfestante<\/p>\n<p>Preoccupata se le persone tentano di accarezzarla allungando la mano<\/p>\n<p>Persone che lavorano<\/p>\n<p><strong>PAURE DEGLI ANIMALI<\/strong><\/p>\n<p>Paura dei cani se li vede o se li sente abbaiare, si siede o si blocca o indietreggia<br \/>\npaura dei gatti estranei specie se la fissano<\/p>\n<p><strong>PAURE VARIE:<\/strong><\/p>\n<p>Timori cose nuove in generale<\/p>\n<p>Timorosa preoccupata nell\u2019esplorare luoghi situazioni<\/p>\n<p><strong>PAURE OGGETTI<\/strong><\/p>\n<p>Buste plastica<br \/>\nSecchi pattumiere lasciati fuori dall\u2019abitazione<br \/>\nSacchetti nettezza urbana<br \/>\nBiciclette specialmente se ferme<br \/>\nMotociclette ferme<br \/>\nPasseggini fermi<br \/>\nZaino che sbatto<br \/>\nBarattolo vernice posato in terra (dai muratori)<br \/>\nMartello<br \/>\nGeneratore<br \/>\nTrapano<br \/>\nBiciclette ferme<br \/>\nMotorini fermi<br \/>\nTeli in penombra<br \/>\nFiori alti che si muovono<br \/>\nFoglio di giornale &#8211; volantino per terra che si muove<br \/>\nBusta di nylon per terra<br \/>\nSacchetti nero per terra che si muove<br \/>\nFoglie per terra che volano<br \/>\nArmadio aperto con indumenti e buste<\/p>\n<p>Paura spavento di oggetti strani<\/p>\n<p>Il sacco della nettezza urbana .<\/p>\n<p>Una busta in un prato<\/p>\n<p>Una forma strana di un piccolo albero o rovo<\/p>\n<blockquote>\n<p class=\"p1\"><strong><em><span class=\"s1\">\u00ab<\/span>La paura \u00e8 la camera oscura dove si sviluppa il negativo<span class=\"s1\">\u00bb<\/span>.<\/em><\/strong><\/p>\n<p class=\"p1\"><em>(Anonimo)<\/em><\/p>\n<\/blockquote>\n<p>&nbsp;<\/p>\n<p>&nbsp;<\/p>\n<blockquote>\n<p class=\"p1\"><strong><em><span class=\"s1\">\u00abL\u2019unica cosa di cui dobbiamo avere paura \u00e8 la paura stessa\u00bb.<\/span><\/em><\/strong><\/p>\n<p class=\"p1\"><em><span class=\"s1\">Franklin D. Roosevelt<\/span><\/em><\/p>\n<\/blockquote>\n<p><strong>COMPORTAMENTI DI ABBAIO<\/strong><br \/>\nAbbaio a bambini agitati<br \/>\nabbaio a persone agitate<br \/>\nabbaio a persone minacciose<br \/>\nAbbai o ringhi a oggetti non identificati<br \/>\nAbbaio a persone camminatori tipo scout vestite con cappello e tipo baseball e bastone<br \/>\nAbbaio a ragazza che cammina con zeppe specialmente quando si piega per legarsi una scarpa<br \/>\nAbbaio a persone con fela pa o cappuccio<br \/>\nAbbaio a persone che camminano in modo strano.<br \/>\nRinghiare a persona uomini o donne che la fissano<\/p>\n<p><strong>COMPORTAMENTI DI TIPO PREDATORIO E\/O DI CACCIA<\/strong><\/p>\n<p>Trova i topi ne segue le tracce li uccide e se pu\u00f2 li mangia.<\/p>\n<p>Mangia i topi morti se vivi li uccide<br \/>\nfa balzi per catturare le prede<br \/>\nSegue le piste di animali selvatici<br \/>\nCaccia gli insetti.<br \/>\nInsegue lucertole.<br \/>\nInseguirebbe i gatti<br \/>\nAttratta dagli uccelli che volano, che si muovono<br \/>\nSe trova un uccello morto lo prende e se lo mangerebbe con tutte le piume se non glielo togliessi prima.<br \/>\nRincorre insetti che si muovono per terra o sui muri\u00a0 si alza anche in piedi).<br \/>\nInsegue farfalle e insetti che le volano vicino.<\/p>\n<p><strong>RIMANERE SOLA<br \/>\n<\/strong><\/p>\n<p>Sola in casa<br \/>\nNessun danno ha preso solo una borsa dalla tavola ed \u00e8 un po&#8217; agitata alla porta al mio rientro.<\/p>\n<p>A volte agitata al rientro \u2026 1 sedia per terra buttata gi\u00f9 dal divano, la coperta \u2026niente di rotto nient\u2019altro.<br \/>\naltra volta \u2026 1 sedia per terra buttata gi\u00f9 dal divano, una busta di plastica rotta, un cuscino rotto zip e tirato fuori imbottitura \u2026 nient\u2019altro.<br \/>\nAgitata alla porta al rientro . tempo meteo fuori normale<\/p>\n<p>Una volta ha preso strappato un pezzo di uno stendardo Toronto che era tra il mobile del microonde e l&#8217;acquaio \u2026<\/p>\n<p>Il resto tutto ok.<\/p>\n<p><strong>SOLA IN AUTOMOBILE<\/strong><br \/>\ninizio mugolii e qualche abbaio di eccitazione poi protesta poi abbai a me.<\/p>\n<p>Se in auto insieme a Paco l&#8217;altro mio cane lo mordeva sul muso e alle zampe.<\/p>\n<p><strong>MORDERE<\/strong><br \/>\nMordere spesso per eccitazione<br \/>\nDopo la prima settimana mordeva Paco in auto sul muso e alle zampe e d ogni volta che si muoveva<br \/>\nMordere legni<br \/>\nMordere gambe sedie<br \/>\nMordere la carta<br \/>\nMordere Libri<br \/>\nMordere scatole di cartoni<br \/>\nMordere le scarpe<br \/>\nMordere mani se toccata<br \/>\nMordere Paco sul muso appena lo vede o \u00e8 ferma e quando lei gli va incontro<br \/>\nMordere Paco se Paco \u00e8 eccitata o ansiosa , o s elui fa un movimento improvviso. Lo morde sul muso o sulle zampe specie quelle dietro lo morde nel recinto quando rimangono soli e d io sono a poche decine di metri a fare lezione<br \/>\nMordere Libri<br \/>\nMordere lo zaino specie sulle fibbie in plastica<br \/>\nMordere la scopa<br \/>\nMordere lo scopettone pulisci water<br \/>\nMordere la carta igienica (se pu\u00f2 la rompe a volte)<\/p>\n<p>In genere non rompe niente tranne la carta che distrugge e la costola dei libri raramente(1 sola volta ).<\/p>\n<p>Morde distrugge le spugne 1 volta sola presa dall\u2019acquaio<\/p>\n<p>A volte i panni gialli per asciugare, li rompe agli angoli<\/p>\n<p><strong>PRENDERE<\/strong><br \/>\nPrende in genere gli oggetti toccati da me<br \/>\nPrende le mie scarpe le porta in giro e le ciuccia<br \/>\nPrende i mei calzini ovunque li appoggi<\/p>\n<p>Se pu\u00f2 prende la carta<br \/>\nPrendere asciugamano<br \/>\nPrendere scopettone pulisci water<br \/>\nPrendere scopa<br \/>\nMangiare il cibo del gatto se pu\u00f2, se riesce ad arrivarci.<br \/>\nPreso una volta una scatoletta metallica del gatto chiusa rotta bucata aperta mangiata.<\/p>\n<p>Preso 1 volta una scatoletta metallica di cibo per cani da 400 grammi, schiacciata con i denti\u00a0 e ha mangiato cibo interno.<br \/>\nPrende qualsiasi cosa trova in giro fuori ma sta diminuendo.<\/p>\n<p>So che \u00e8 un comportamento di esplorazione e conoscenza sul quale non gli dico niente la lascio fare, intervengo solo se se gli oggetti sono pericolosi o da evitare<br \/>\nSe gli dico sputa\u2026 sputa l\u2019oggetto o cosa ha preso .<br \/>\nSe dico lascia lei lascia.<\/p>\n<p><strong>MANGIARE LE FECI<\/strong><br \/>\nFa la cacca e mangia le sue feci subito come se facessero parte della sua alimentazione.<br \/>\nMangia la cacca di Paco(l&#8217;altro mio cane) appena la fa.<br \/>\nMangia cacca di gatto.<br \/>\nMangia cacca di altri animali selvatici.<\/p>\n<p><strong>NOTE:<\/strong> dopo 1 mese scopro dopo aver insistito con il veterinario( lui era contrario a far l&#8217;esame) faccio effettuare esame specifico test\/feci giardia ed\u00a0 <strong>emerge che aveva la giardia.<\/strong><\/p>\n<p><strong>BISOGNI FISIOLOGICI<\/strong><\/p>\n<p>Sempre fatti fuori in giardino o fuori casa.<\/p>\n<p>Nessuno bisogno pipi o feci \u00e8 mai stato fatto in casa da cucciola. Grande successo\u00a0 personale e di Sharon !!!<\/p>\n<p><strong>RICHIAMO<\/strong><br \/>\nFantastico viene sempre a corsa da me veloce. Si sta creando una grande intesa!!! Soddisfatto di me stesso e della mia Sharon !!!<\/p>\n<p><strong>AL GUINZAGLIO<\/strong><\/p>\n<p>Messo pettorina ad H con guinzaglio lungo 3 metri a cui si \u00e8 subito ben adattata.<\/p>\n<p>Pur essendo cucciola, ha ben compreso i miei insegnamenti, ha fiducia in me, mi ascolta, si muove bene con me seguendo il mio particolare stile di guida al guinzaglio, con la pettorina ad h \u00e8 libera di esprimersi, comunicare bene, ascoltarmi senza avere pressioni al collo.<\/p>\n<h3><strong>COME HO AFFRONTATO TUTTO QUESTO ?<\/strong><\/h3>\n<p>Con calma, semplicit\u00e0, spirito d&#8217;osservazione, accettando i comportamenti della cucciola, sostenendola sempre.<\/p>\n<p>Un passo alla volta, un ostacolo alla volta, un problema alla volta.<\/p>\n<p>&nbsp;<\/p>\n<blockquote><p><strong><em>Bisogna aiutare, sostenere il cane agire su di lui sulle sue emozioni, riconoscendole, identificandone il tipo, trasformandole.<\/em><\/strong><\/p>\n<p><em>Stefano Pesci<\/em><\/p><\/blockquote>\n<h3>COME MAI MI PREOCCUPA LA PAURA IN UN CANE SOPRATTUTTO CUCCIOLO ?<\/h3>\n<blockquote><p>La paura ha come conseguenza un effetto a cascata di sostanze chimiche ormonali (adrenalina, cortisolo, dopamina, endorfine) che inondano ed hanno degli effetti utili sul corpo sulla mente del cane cucciolo, SOLO SE accadono RARAMENTE e in momento di reale bisogno.<\/p>\n<p>Se un cane cucciolo ha paura una volta al mese, si riprende bene ma se la paura \u00e8 lo standard quotidiano, che quindi perdura nel tempo,(settimane, mesi, anche anni) oltre a rendere il cane sempre pi\u00f9 insicuro, indebolir\u00e0 il suo organismo, le sue difese immunitarie facendolo nel tempo ammalare.<\/p>\n<p>Un cane che vive quotidianamente situazioni che gli creano o percepisce come emozione della paura \u00e8 un cane che soffre.<\/p>\n<p>Cani che hanno paura possono manifestare problemi ai reni, problemi urinari, cistiti, dermatiti.ulcere gastriche, problemi di stomaco, gastriti, diarree frequenti, problemi cutanei, dermatiti, disturbi psicologici , squilibrio emozionale e altro ancora. Sono cani che possono bloccarsi, scappare, mordere.<\/p>\n<p>Sapendolo molto bene volevo evitare che tuto questo accadesse alla mia Sharon.<\/p>\n<p class=\"p1\"><span class=\"s1\">Se il cane si spaventa spesso, il suo corpo rilascia adrenalina, che se prodotta in grandi quantit\u00e0 ogni giorno, crea dei danni all&#8217;organismo, al\u00a0 corpo e alla\u00a0 mente del cane.<\/span><\/p>\n<p class=\"p1\"><span class=\"s1\">Conseguentemente al rilascio di adrenalina viene rilasciato il cortisolo che inibisce il sistema immunitario se questo avviene spesso come logica conseguenza della paura e dello stress il l sistema immunitario essendo pi\u00f9 debole \u00e8 pi\u00f9 facilmente attaccabile e soggetto ad ammalarsi.<\/span><\/p>\n<p>Se un cane \u00e8 dominato da reazioni di paura, non sta facendo nulla di sbagliato: \u00e8 semplicemente bloccato da un malfunzionamento del sistema nervoso e probabilmente hai bisogno di aiuto <a href=\"https:\/\/istruttorecinofilo.it\/blog\/esperienza\/\">Esperto<\/a>, per trasformare tutto questo.<\/p>\n<p>Questo meccanismo ( del rilascio di ormoni come adrenalina, cortisolo etc)avviene sia quando il cane ha paura, sia quando ha uno stress di tipo negativo (superiore alle sue reali possibilit\u00e0).<\/p><\/blockquote>\n<p>&nbsp;<\/p>\n<p><strong>STUDIO DELLO PSICOLOGO JOHN LEACH\u00a0<\/strong><\/p>\n<blockquote>\n<p class=\"p1\"><em><span class=\"s1\">In uno studio sugli esseri umani lo psicologo John Leach, docente dell\u2019Universit\u00e0 di Portsmouth, che gi\u00e0 da tempo studia il modo di reagire delle persone nei momenti di pericolo, ha stimato che nei casi di improvvisa emergenza, dove \u00e8 in gioco la vita, circa il 75% di esse smette di ragionare razionalmente bloccandosi, invece di elaborare un piano di fuga.<\/span><span class=\"s1\">.<\/span><\/em><\/p>\n<p class=\"p1\"><em><span class=\"s1\">Secondo lo psicologo, solo il 15% delle persone di fronte a minacce improvvise rimane sufficientemente razionale, prendendo decisioni che non mettano in pericolo la propria vita, mentre il restante 10% perde addirittura la capacit\u00e0 di ragionare, agitandosi e provocando danni a se stessi e agli altri.<\/span><\/em><\/p>\n<p>&nbsp;<\/p><\/blockquote>\n<p>&nbsp;<\/p>\n<blockquote><p><strong><em>La vita si restringe o si espande in proporzione al nostro coraggio.<\/em><\/strong><br \/>\n<em>(Anais Nin)<\/em><\/p>\n<p>&nbsp;<\/p><\/blockquote>\n<h3><strong>COSA HO FATTO IO ?\u00a0 <\/strong><strong>COME HO\u00a0 RISOLTO\u00a0 GLI OSTACOLI LE DIFFICOLTA&#8217; EMOZIONALI E PRATICHE DI SHARON\u00a0 DA\u00a0 CUCCIOLA ?<\/strong><\/h3>\n<blockquote><p><strong><em>Il sentimento per i cani \u00e8 lo stesso che nutriamo per i bambini.<\/em><\/strong><br \/>\n<em>(Sigmund Freud)<\/em><\/p><\/blockquote>\n<p>&nbsp;<\/p>\n<p style=\"text-align: center;\"><strong>Emozioni e stati d&#8217;animo<\/strong><a href=\"https:\/\/istruttorecinofilo.it\/blog\/2242-2\/\"><img decoding=\"async\" class=\"size-full wp-image-3156 aligncenter\" src=\"https:\/\/istruttorecinofilo.it\/blog\/wp-content\/uploads\/2020\/03\/SCALA-_EMOZIONI_7_OK.jpg\" alt=\"EMOZIONI_CASE HISTORI CUCCIOLA PASTORE SVIZZERO BIANCO\" width=\"564\" height=\"527\" srcset=\"https:\/\/istruttorecinofilo.it\/blog\/wp-content\/uploads\/2020\/03\/SCALA-_EMOZIONI_7_OK-200x187.jpg 200w, https:\/\/istruttorecinofilo.it\/blog\/wp-content\/uploads\/2020\/03\/SCALA-_EMOZIONI_7_OK-300x280.jpg 300w, https:\/\/istruttorecinofilo.it\/blog\/wp-content\/uploads\/2020\/03\/SCALA-_EMOZIONI_7_OK-400x374.jpg 400w, https:\/\/istruttorecinofilo.it\/blog\/wp-content\/uploads\/2020\/03\/SCALA-_EMOZIONI_7_OK.jpg 564w\" sizes=\"(max-width: 564px) 100vw, 564px\" \/><\/a><\/p>\n<p>Ho affrontato una questione alla volta.<\/p>\n<p>Sono stato molto presente.<\/p>\n<p>Sono stato creativo.<\/p>\n<p>Ho comunicato, ho <a href=\"https:\/\/istruttorecinofilo.it\/blog\/se-tu-parli-agli-animali\/\">parlato<\/a> con Sharon\u00a0 nel suo linguaggio.<\/p>\n<p>Mi sono messo al suo posto per capire meglio il mondo dalla sua prospettiva.<\/p>\n<p>Ho fatto sperimentare a Sharon situazioni, Esperienze piacevoli di successo per lei.<\/p>\n<p>Ho scelto ove possibile situazioni del quotidiano che creassero apprendimento per lei.<\/p>\n<p>Ho creato Fiducia.<\/p>\n<p>L&#8217;ho protetta.<\/p>\n<p>L&#8217;ho aiutata man mano che cresceva a sviluppare al meglio il proprio autocontrollo emozionale.<\/p>\n<p>Ho insegnato a Sharon la mia cucciola ad ascoltare le sue paure, a saper autocontrollarsi emotivamente, a saper osare per conoscere ci\u00f2 che la spaventava ma che in realt\u00e0 non era cosi spaventoso n\u00e9 pericoloso come sembrava o percepiva.<\/p>\n<p>Cosi piano piano, man mano che cresceva Sharon diventava emotivamente pi\u00f9 abile, pi\u00f9 forte dentro.<\/p>\n<blockquote>\n<p class=\"p1\"><strong><em>Il coraggio \u00e8 la scala su cui salgono tutte le altre virt\u00f9.<\/em><\/strong><\/p>\n<p class=\"p1\"><em>Clare Booth Luce<\/em><\/p>\n<\/blockquote>\n<p>E&#8217; bene sapere che le emozioni come la paura nascono da dentro.<\/p>\n<p>Ho colto l&#8217;occasione di un mio viaggio a Roma per insegnarle nuove cose, farle fare nuove esperienze, affrontare le sue paure. Infatti a 84 giorni (15 giorni dopo averla adottata) l&#8217;ho portato con me(mi sono sempre portato i cani al mio seguito) a Roma per il mio lavoro di docente della formazione per il corso Educatore Cinofilo Comportamentale. La cucciola Sharon ha fatto una nuova esperienza\u00a0 di viaggio, in auto(era gi\u00e0 stata preparata prima ma era comunque il secondo viaggio lungo che faceva) ed ha dovuto affrontare altre prove :<\/p>\n<ul>\n<li>come la presenza di tanti cani( lei ne aveva paura)<\/li>\n<li>La presenza di tante persone(di cui aveva paura)<\/li>\n<li>Salire le scale.<\/li>\n<li>Rimanere sola in camera<\/li>\n<\/ul>\n<p>Ho selezionato i cani da farle incontrare tra gli studenti del corso(mostrando agli studenti come si fa), ed ho colto l&#8217;occasione di far superare la paura delle persone utilizzando gli stessi studenti e mostrando agli studenti stessi come aiutare, cosa fare con un cane cucciolo che ha paura delle persone, per renderlo\/a pi\u00f9 fiducioso\/a. Sharon ha superato tutte le prove.<\/p>\n<p><a href=\"https:\/\/istruttorecinofilo.it\/blog\/esperienza\/\"><img decoding=\"async\" class=\"alignnone size-full wp-image-3224\" src=\"https:\/\/istruttorecinofilo.it\/blog\/wp-content\/uploads\/2020\/03\/SHARON_CUCCIOLA_CON_GLI_ALLIEVI_6125.jpg\" alt=\"Case History pastore svizzero bianco cucciola\" width=\"2048\" height=\"1151\" srcset=\"https:\/\/istruttorecinofilo.it\/blog\/wp-content\/uploads\/2020\/03\/SHARON_CUCCIOLA_CON_GLI_ALLIEVI_6125-200x112.jpg 200w, https:\/\/istruttorecinofilo.it\/blog\/wp-content\/uploads\/2020\/03\/SHARON_CUCCIOLA_CON_GLI_ALLIEVI_6125-300x169.jpg 300w, https:\/\/istruttorecinofilo.it\/blog\/wp-content\/uploads\/2020\/03\/SHARON_CUCCIOLA_CON_GLI_ALLIEVI_6125-400x225.jpg 400w, https:\/\/istruttorecinofilo.it\/blog\/wp-content\/uploads\/2020\/03\/SHARON_CUCCIOLA_CON_GLI_ALLIEVI_6125-600x337.jpg 600w, https:\/\/istruttorecinofilo.it\/blog\/wp-content\/uploads\/2020\/03\/SHARON_CUCCIOLA_CON_GLI_ALLIEVI_6125-768x432.jpg 768w, https:\/\/istruttorecinofilo.it\/blog\/wp-content\/uploads\/2020\/03\/SHARON_CUCCIOLA_CON_GLI_ALLIEVI_6125-800x450.jpg 800w, https:\/\/istruttorecinofilo.it\/blog\/wp-content\/uploads\/2020\/03\/SHARON_CUCCIOLA_CON_GLI_ALLIEVI_6125-1024x576.jpg 1024w, https:\/\/istruttorecinofilo.it\/blog\/wp-content\/uploads\/2020\/03\/SHARON_CUCCIOLA_CON_GLI_ALLIEVI_6125-1200x674.jpg 1200w, https:\/\/istruttorecinofilo.it\/blog\/wp-content\/uploads\/2020\/03\/SHARON_CUCCIOLA_CON_GLI_ALLIEVI_6125.jpg 2048w\" sizes=\"(max-width: 2048px) 100vw, 2048px\" \/><\/a><\/p>\n<p>Inoltre c&#8217;era un altro ostacolo da farle superare: scale. infatti nella struttura che ci ospitava tipo casa colonica per accedere alle nostre stanze Sharon ha dovuto superare a soli 85 giorni, 4 rampe di scale in cotto e una scala a chiocciola metallica dove si vedeva il vuoto sotto. Sharon si \u00e8 mostrata abile, fiduciosa di me dei mie insegnamenti salendo tutte le scale e cosa pi\u00f9 difficile riuscendo a scenderle da sola al guinzaglio con me vicini. E&#8217; stata una grande prova per Sharon una grande soddisfazione personale per me, sia come genitore adottivo che come Istruttore\/Insegnante!<\/p>\n<p>Poi ho allenato mentalmente, fisicamente, la cucciola Sharon a rimanere sola\u00a0 anche per alcune ore in aula e in camera applicando le mie strategie, tecniche, conoscenze\u00a0 direttamente sul posto senza averla potuto preparare prima ma anche qui \u00e8 stato un successo per Sharon e per me.<\/p>\n<p><a href=\"https:\/\/istruttorecinofilo.it\/blog\/wp-content\/uploads\/2020\/03\/SHARON_SOLA-IN_AUTO_9292.jpg\"><img decoding=\"async\" class=\"alignnone size-full wp-image-3228\" src=\"https:\/\/istruttorecinofilo.it\/blog\/wp-content\/uploads\/2020\/03\/SHARON_SOLA-IN_AUTO_9292.jpg\" alt=\"case history - cucciola pastore svizzero bianco\" width=\"2048\" height=\"1151\" srcset=\"https:\/\/istruttorecinofilo.it\/blog\/wp-content\/uploads\/2020\/03\/SHARON_SOLA-IN_AUTO_9292-200x112.jpg 200w, https:\/\/istruttorecinofilo.it\/blog\/wp-content\/uploads\/2020\/03\/SHARON_SOLA-IN_AUTO_9292-300x169.jpg 300w, https:\/\/istruttorecinofilo.it\/blog\/wp-content\/uploads\/2020\/03\/SHARON_SOLA-IN_AUTO_9292-400x225.jpg 400w, https:\/\/istruttorecinofilo.it\/blog\/wp-content\/uploads\/2020\/03\/SHARON_SOLA-IN_AUTO_9292-600x337.jpg 600w, https:\/\/istruttorecinofilo.it\/blog\/wp-content\/uploads\/2020\/03\/SHARON_SOLA-IN_AUTO_9292-768x432.jpg 768w, https:\/\/istruttorecinofilo.it\/blog\/wp-content\/uploads\/2020\/03\/SHARON_SOLA-IN_AUTO_9292-800x450.jpg 800w, https:\/\/istruttorecinofilo.it\/blog\/wp-content\/uploads\/2020\/03\/SHARON_SOLA-IN_AUTO_9292-1024x576.jpg 1024w, https:\/\/istruttorecinofilo.it\/blog\/wp-content\/uploads\/2020\/03\/SHARON_SOLA-IN_AUTO_9292-1200x674.jpg 1200w, https:\/\/istruttorecinofilo.it\/blog\/wp-content\/uploads\/2020\/03\/SHARON_SOLA-IN_AUTO_9292.jpg 2048w\" sizes=\"(max-width: 2048px) 100vw, 2048px\" \/><\/a><a href=\"https:\/\/istruttorecinofilo.it\/blog\/2242-2\/\">https:\/\/istruttorecinofilo.it\/blog\/2242-2\/<\/a><\/p>\n<p>Ritornato a casa in Toscana\u00a0 ho ripreso la preparazione della cucciola Sharon alla vita.<\/p>\n<p>Ho selezionato i cani da incontrare.<\/p>\n<p>Mi sono inventato nuovi cani insegnanti scegliendoli fra i cani dei miei allievi.<\/p>\n<p>Ho scelto Poldo un cane incrocio Schnauzer maschio di circa 9 anni(allora si parla del 2014)molto fisico, autorevole, ma anche tollerante, paziente con la mia cucciola Sharon. Poldo era un cane particolare che aveva avuto problemi con le persone ,e con i cani, tuttavia nel corso degli anni con il mio aiuto, con il lavoro dei suoi proprietari(Laura e Mauro)era notevolmente migliorato tanto da inserirlo con i miei cani insegnanti Bessy( incrocio lupo Husky) e Paco( Labrador Retriever) Poldo ha imparato tanto da loro, adorava <a href=\"https:\/\/istruttorecinofilo.it\/blog\/cane-gli-animali-inizio-un-amore-sin-bambino\/\">Bessy e Paco.<\/a><\/p>\n<p><a href=\"https:\/\/istruttorecinofilo.it\/blog\/2242-2\/\"><img decoding=\"async\" class=\"alignnone size-full wp-image-3200\" src=\"https:\/\/istruttorecinofilo.it\/blog\/wp-content\/uploads\/2020\/03\/SHARON_POLDO_PRIMO_PIANO_07659_OK.jpg\" alt=\"SHARON CUCCIOLA PASTORE SVIZZERO BIANCO CON POLDO\" width=\"2048\" height=\"1151\" srcset=\"https:\/\/istruttorecinofilo.it\/blog\/wp-content\/uploads\/2020\/03\/SHARON_POLDO_PRIMO_PIANO_07659_OK-200x112.jpg 200w, https:\/\/istruttorecinofilo.it\/blog\/wp-content\/uploads\/2020\/03\/SHARON_POLDO_PRIMO_PIANO_07659_OK-300x169.jpg 300w, https:\/\/istruttorecinofilo.it\/blog\/wp-content\/uploads\/2020\/03\/SHARON_POLDO_PRIMO_PIANO_07659_OK-400x225.jpg 400w, https:\/\/istruttorecinofilo.it\/blog\/wp-content\/uploads\/2020\/03\/SHARON_POLDO_PRIMO_PIANO_07659_OK-600x337.jpg 600w, https:\/\/istruttorecinofilo.it\/blog\/wp-content\/uploads\/2020\/03\/SHARON_POLDO_PRIMO_PIANO_07659_OK-768x432.jpg 768w, https:\/\/istruttorecinofilo.it\/blog\/wp-content\/uploads\/2020\/03\/SHARON_POLDO_PRIMO_PIANO_07659_OK-800x450.jpg 800w, https:\/\/istruttorecinofilo.it\/blog\/wp-content\/uploads\/2020\/03\/SHARON_POLDO_PRIMO_PIANO_07659_OK-1024x576.jpg 1024w, https:\/\/istruttorecinofilo.it\/blog\/wp-content\/uploads\/2020\/03\/SHARON_POLDO_PRIMO_PIANO_07659_OK-1200x674.jpg 1200w, https:\/\/istruttorecinofilo.it\/blog\/wp-content\/uploads\/2020\/03\/SHARON_POLDO_PRIMO_PIANO_07659_OK.jpg 2048w\" sizes=\"(max-width: 2048px) 100vw, 2048px\" \/><\/a><\/p>\n<p>Ho scelto Lilla una cane\u00a0 femmina esperto che aveva molto sofferto, una meticcia proveniva dal canile , aveva circa 10 anni, un cane\u00a0 dolce, timido che in genere evitava i cani, pur essendo molto abile nell&#8217;osservazione, interazione, con gli altri cani, e nell&#8217;uso dei <a href=\"https:\/\/istruttorecinofilo.it\/blog\/2242-2\/\">segnali calmanti<\/a>. Curiosamente c&#8217;\u00e8 stato uno scambio Lilla calmava la cucciola Sharon\u00a0 ma a sua volta Sharon con il suo entusiasmo naturale stimolava Lilla ad agire fino a farle uscire il sorriso cosa che non era accaduto a lilla mai negli anni precedenti.<\/p>\n<p><strong>Lilla e Sharon<\/strong><\/p>\n<p><a href=\"https:\/\/istruttorecinofilo.it\/blog\/2242-2\/\"><img decoding=\"async\" class=\"alignnone size-full wp-image-2570\" src=\"https:\/\/istruttorecinofilo.it\/blog\/wp-content\/uploads\/2019\/02\/16422914_1303492119697229_3747645154453621346_o.jpg\" alt=\"socializzare -educazione cinofila comportamentale\" width=\"2048\" height=\"1150\" srcset=\"https:\/\/istruttorecinofilo.it\/blog\/wp-content\/uploads\/2019\/02\/16422914_1303492119697229_3747645154453621346_o-200x112.jpg 200w, https:\/\/istruttorecinofilo.it\/blog\/wp-content\/uploads\/2019\/02\/16422914_1303492119697229_3747645154453621346_o-300x168.jpg 300w, https:\/\/istruttorecinofilo.it\/blog\/wp-content\/uploads\/2019\/02\/16422914_1303492119697229_3747645154453621346_o-400x225.jpg 400w, https:\/\/istruttorecinofilo.it\/blog\/wp-content\/uploads\/2019\/02\/16422914_1303492119697229_3747645154453621346_o-600x337.jpg 600w, https:\/\/istruttorecinofilo.it\/blog\/wp-content\/uploads\/2019\/02\/16422914_1303492119697229_3747645154453621346_o-768x431.jpg 768w, https:\/\/istruttorecinofilo.it\/blog\/wp-content\/uploads\/2019\/02\/16422914_1303492119697229_3747645154453621346_o-800x449.jpg 800w, https:\/\/istruttorecinofilo.it\/blog\/wp-content\/uploads\/2019\/02\/16422914_1303492119697229_3747645154453621346_o-1024x575.jpg 1024w, https:\/\/istruttorecinofilo.it\/blog\/wp-content\/uploads\/2019\/02\/16422914_1303492119697229_3747645154453621346_o-1200x674.jpg 1200w, https:\/\/istruttorecinofilo.it\/blog\/wp-content\/uploads\/2019\/02\/16422914_1303492119697229_3747645154453621346_o.jpg 2048w\" sizes=\"(max-width: 2048px) 100vw, 2048px\" \/><\/a><\/p>\n<blockquote><p><strong><em>Una maestra ti prende per mano, ti tocca la mente, ti apre il cuore.<\/em><\/strong><br \/>\n<em>(Anonimo)<\/em><\/p><\/blockquote>\n<p>Oggi Sharon ha 6 anni circa ed \u00e8 un cane equilibrato che da molti molti anni, vale a dire dalla sua infanzia ha superato e trasformato con successo tutte le sue paure in conoscenza, in coraggio,\u00a0 sa ben valutare le situazioni, \u00e8 decisa e d ha fermezza quando serve, \u00e8 un\u00a0 cane autorevole che si fa guadagnare il rispetto la stima degli altri cani.<\/p>\n<p>E&#8217; un cane che comprende molto meglio le sue emozioni e i suoi stati d&#8217;animo, senza pi\u00f9 farsi travolgere da essi, capace di valutare cosa \u00e8 meglio fare o non fare per se stessa e per gli altri.<\/p>\n<p>Sharon \u00e8 un cane entusiasta con un alta autostima, equilibrio emozionale, in equilibrio e in armonia con se stessa, con la natura, che fa\u00a0 vita di famiglia e nella normale societ\u00e0.<\/p>\n<p>Sharon \u00e8 anche un cane insegnante, un cane &#8220;mentore, un modello di comunicazioni che \u00e8 ascoltato e preso come riferimento dai cani con cui entra in contatto.<\/p>\n<p>Sharon \u00e8 un\u00a0 cane Meraviglioso!!!<\/p>\n<p><a href=\"https:\/\/istruttorecinofilo.it\/blog\/cane-gli-animali-inizio-un-amore-sin-bambino\/\"><img decoding=\"async\" class=\"alignnone size-full wp-image-3198\" src=\"https:\/\/istruttorecinofilo.it\/blog\/wp-content\/uploads\/2020\/03\/SHARON_PRIMO_PIANO_0629.jpg\" alt=\"SHARON CUCCIOLA CASE HISTORY\" width=\"1284\" height=\"1412\" srcset=\"https:\/\/istruttorecinofilo.it\/blog\/wp-content\/uploads\/2020\/03\/SHARON_PRIMO_PIANO_0629-200x220.jpg 200w, https:\/\/istruttorecinofilo.it\/blog\/wp-content\/uploads\/2020\/03\/SHARON_PRIMO_PIANO_0629-273x300.jpg 273w, https:\/\/istruttorecinofilo.it\/blog\/wp-content\/uploads\/2020\/03\/SHARON_PRIMO_PIANO_0629-400x440.jpg 400w, https:\/\/istruttorecinofilo.it\/blog\/wp-content\/uploads\/2020\/03\/SHARON_PRIMO_PIANO_0629-600x660.jpg 600w, https:\/\/istruttorecinofilo.it\/blog\/wp-content\/uploads\/2020\/03\/SHARON_PRIMO_PIANO_0629-768x845.jpg 768w, https:\/\/istruttorecinofilo.it\/blog\/wp-content\/uploads\/2020\/03\/SHARON_PRIMO_PIANO_0629-800x880.jpg 800w, https:\/\/istruttorecinofilo.it\/blog\/wp-content\/uploads\/2020\/03\/SHARON_PRIMO_PIANO_0629-931x1024.jpg 931w, https:\/\/istruttorecinofilo.it\/blog\/wp-content\/uploads\/2020\/03\/SHARON_PRIMO_PIANO_0629-1200x1320.jpg 1200w, https:\/\/istruttorecinofilo.it\/blog\/wp-content\/uploads\/2020\/03\/SHARON_PRIMO_PIANO_0629.jpg 1284w\" sizes=\"(max-width: 1284px) 100vw, 1284px\" \/><\/a><\/p>\n<p>E&#8217; il mio cane!!!<\/p>\n<p>I love Sharon my personal dog.<\/p>\n<p><a href=\"https:\/\/istruttorecinofilo.it\/blog\/2292-2\/\"><img decoding=\"async\" class=\"alignnone wp-image-3173\" src=\"https:\/\/istruttorecinofilo.it\/blog\/wp-content\/uploads\/2020\/03\/i_love_my_dog_7.jpg\" alt=\"CASE HISTORY SHARON CUCCIOLA PASTORE SVIZZERO BIANCO\" width=\"141\" height=\"141\" srcset=\"https:\/\/istruttorecinofilo.it\/blog\/wp-content\/uploads\/2020\/03\/i_love_my_dog_7-66x66.jpg 66w, https:\/\/istruttorecinofilo.it\/blog\/wp-content\/uploads\/2020\/03\/i_love_my_dog_7-150x150.jpg 150w, https:\/\/istruttorecinofilo.it\/blog\/wp-content\/uploads\/2020\/03\/i_love_my_dog_7-200x200.jpg 200w, https:\/\/istruttorecinofilo.it\/blog\/wp-content\/uploads\/2020\/03\/i_love_my_dog_7-300x300.jpg 300w, https:\/\/istruttorecinofilo.it\/blog\/wp-content\/uploads\/2020\/03\/i_love_my_dog_7-400x400.jpg 400w, https:\/\/istruttorecinofilo.it\/blog\/wp-content\/uploads\/2020\/03\/i_love_my_dog_7.jpg 564w\" sizes=\"(max-width: 141px) 100vw, 141px\" \/><\/a><\/p>\n<p>Grazie per aver letto questa storia!<\/p>\n<p>&nbsp;<\/p>\n<p class=\"p1\">\u2764\ufe0f\ud83d\ude4f\ud83d\udc3e\ud83d\udc3e\ud83d\udc3e<\/p>\n<p class=\"p2\">Stefano Pesci<\/p>\n<p class=\"p2\">Istruttore Educatore Cinofilo Comportamentale Esperto Riconoscitore dei Micro segnali Linguaggio Emozioni Comportamento Stress Benessere del cane della Relazione Empatica persona cane<\/p>\n<p class=\"p2\">Ideatore del \u201cMetodo Togetherdog\u201d<\/p>\n<p>&nbsp;<\/p>\n<p class=\"p1\"><b>Potrebbe interessarti leggere:<\/b><\/p>\n<ul class=\"ul1\">\n<li class=\"li2\"><span class=\"s1\"><a href=\"https:\/\/istruttorecinofilo.it\/blog\/fiori-bach-cani\/\"><span class=\"s2\">Consulente Fiori Bach comportamento cani<\/span><\/a><\/span><\/li>\n<li class=\"li2\"><span class=\"s1\"><a href=\"https:\/\/istruttorecinofilo.it\/blog\/2242-2\/\"><span class=\"s2\">Istruttore Cinofilo Segnali Calmanti<\/span><\/a><\/span><\/li>\n<li class=\"li2\"><span class=\"s1\"><a href=\"https:\/\/istruttorecinofilo.it\/blog\/esperto\/\"><span class=\"s2\">Opinioni sull\u2019Esperto\u00a0<\/span><\/a><\/span><\/li>\n<li class=\"li2\"><span class=\"s1\"><a href=\"https:\/\/istruttorecinofilo.it\/blog\/il-linguaggio-sottile-del-i-segnali-calmanti\/\"><span class=\"s2\">I segnali Calmanti nel cane<\/span><\/a><\/span><\/li>\n<li class=\"li2\"><span class=\"s1\"><a href=\"https:\/\/istruttorecinofilo.it\/blog\/corso-educatore-cinofilo-comportamentale\/\"><span class=\"s2\">Corso di Formazione per Educatore Cinofilo Comportamentale<\/span><\/a><\/span><\/li>\n<li class=\"li2\"><span class=\"s1\"><a href=\"https:\/\/istruttorecinofilo.it\/blog\/corso-cani-cuccioli\/\"><span class=\"s2\">Corsi Per Cani Cuccioli<\/span><\/a><\/span><\/li>\n<li class=\"li2\"><span class=\"s1\"><a href=\"https:\/\/istruttorecinofilo.it\/blog\/indagine-a-360\/\"><span class=\"s2\">Indagine a 360 gradi cane persona con l&#8217;Esperto<\/span><\/a><\/span><\/li>\n<li class=\"li2\"><span class=\"s1\"><a href=\"https:\/\/istruttorecinofilo.it\/blog\/educatore-cinofilo-comportamentale\/\"><span class=\"s2\">Educatore Cinofilo Comportamentale<\/span><\/a><\/span><\/li>\n<\/ul>\n<p class=\"p1\">\n","protected":false},"excerpt":{"rendered":"<p>SHARON &#8220;CUCCIOLA&#8221; di Pastore Svizzero Bianco 69 giorni (Case History) La mia piccola Sharon da cucciola! Meravigliosa! Ciao sono Stefano Pesci Istruttore Educatore Cinofilo Comportamentale. [&hellip;]<\/p>\n","protected":false},"author":1,"featured_media":3052,"comment_status":"closed","ping_status":"closed","sticky":false,"template":"","format":"standard","meta":{"footnotes":""},"categories":[315,541,499,281,94],"tags":[713,163,715,714,711,708,710,395,712,609,67,716,133,709,399],"class_list":["post-2998","post","type-post","status-publish","format-standard","has-post-thumbnail","hentry","category-articoli","category-case-history","category-educazione-cinofila-comportamentale","category-notizie","category-un-po-di-me","tag-addestramento-cane-cucciolo","tag-addestramento-cani","tag-allevamento-cani","tag-allevatore-cani","tag-case-history-cani","tag-cucciola","tag-educazione-addestramento","tag-educazione-addestramento-cani","tag-educazione-cane-cucciolo","tag-emozioni-cani","tag-pastore-svizzero-bianco","tag-paure-cani","tag-roma","tag-storie-cani","tag-valdarno-cani"],"yoast_head":"<!-- This site is optimized with the Yoast SEO plugin v27.9 - https:\/\/yoast.com\/product\/yoast-seo-wordpress\/ -->\n<title>Case History: CUCCIOLA di Pastore Svizzero Bianco 69 giorni - Istruttore Cinofilo - Stefano Pesci<\/title>\n<meta name=\"description\" content=\"in questo articolo ti parler\u00f2 della storia di un caso, cosa ha provato la cucciola, cosa ho fatto per\u00a0 aiutarla a crescere al meglio, e il risultato finale.\" \/>\n<meta name=\"robots\" content=\"index, follow, max-snippet:-1, max-image-preview:large, max-video-preview:-1\" \/>\n<link rel=\"canonical\" href=\"https:\/\/istruttorecinofilo.it\/blog\/case-history-cucciola-di-pastore-svizzero-bianco-69-giorni\/\" \/>\n<meta property=\"og:locale\" content=\"it_IT\" \/>\n<meta property=\"og:type\" content=\"article\" \/>\n<meta property=\"og:title\" content=\"Case History: CUCCIOLA di Pastore Svizzero Bianco 69 giorni - Istruttore Cinofilo - Stefano Pesci\" \/>\n<meta property=\"og:description\" content=\"in questo articolo ti parler\u00f2 della storia di un caso, cosa ha provato la cucciola, cosa ho fatto per\u00a0 aiutarla a crescere al meglio, e il risultato finale.\" \/>\n<meta property=\"og:url\" content=\"https:\/\/istruttorecinofilo.it\/blog\/case-history-cucciola-di-pastore-svizzero-bianco-69-giorni\/\" \/>\n<meta property=\"og:site_name\" content=\"Istruttore Cinofilo - Stefano Pesci\" \/>\n<meta property=\"article:publisher\" content=\"https:\/\/www.facebook.com\/togetherdog\/\" \/>\n<meta property=\"article:published_time\" content=\"2020-03-16T15:39:12+00:00\" \/>\n<meta property=\"article:modified_time\" content=\"2020-07-07T18:34:45+00:00\" \/>\n<meta property=\"og:image\" content=\"https:\/\/istruttorecinofilo.it\/blog\/wp-content\/uploads\/2020\/03\/5_sharon_primo_piano_4502.jpg\" \/>\n\t<meta property=\"og:image:width\" content=\"2048\" \/>\n\t<meta property=\"og:image:height\" content=\"1151\" \/>\n\t<meta property=\"og:image:type\" content=\"image\/jpeg\" \/>\n<meta name=\"author\" content=\"Stefano Pesci\" \/>\n<meta name=\"twitter:card\" content=\"summary_large_image\" \/>\n<meta name=\"twitter:label1\" content=\"Scritto da\" \/>\n\t<meta name=\"twitter:data1\" content=\"Stefano Pesci\" \/>\n\t<meta name=\"twitter:label2\" content=\"Tempo di lettura stimato\" \/>\n\t<meta name=\"twitter:data2\" content=\"19 minuti\" \/>\n<script type=\"application\/ld+json\" class=\"yoast-schema-graph\">{\"@context\":\"https:\\\/\\\/schema.org\",\"@graph\":[{\"@type\":\"Article\",\"@id\":\"https:\\\/\\\/istruttorecinofilo.it\\\/blog\\\/case-history-cucciola-di-pastore-svizzero-bianco-69-giorni\\\/#article\",\"isPartOf\":{\"@id\":\"https:\\\/\\\/istruttorecinofilo.it\\\/blog\\\/case-history-cucciola-di-pastore-svizzero-bianco-69-giorni\\\/\"},\"author\":{\"name\":\"Stefano Pesci\",\"@id\":\"https:\\\/\\\/istruttorecinofilo.it\\\/blog\\\/#\\\/schema\\\/person\\\/f202513674f34af6e81fae0c45ab5195\"},\"headline\":\"Case History: CUCCIOLA di Pastore Svizzero Bianco 69 giorni\",\"datePublished\":\"2020-03-16T15:39:12+00:00\",\"dateModified\":\"2020-07-07T18:34:45+00:00\",\"mainEntityOfPage\":{\"@id\":\"https:\\\/\\\/istruttorecinofilo.it\\\/blog\\\/case-history-cucciola-di-pastore-svizzero-bianco-69-giorni\\\/\"},\"wordCount\":3793,\"image\":{\"@id\":\"https:\\\/\\\/istruttorecinofilo.it\\\/blog\\\/case-history-cucciola-di-pastore-svizzero-bianco-69-giorni\\\/#primaryimage\"},\"thumbnailUrl\":\"https:\\\/\\\/istruttorecinofilo.it\\\/blog\\\/wp-content\\\/uploads\\\/2020\\\/03\\\/5_sharon_primo_piano_4502.jpg\",\"keywords\":[\"addestramento cane cucciolo\",\"addestramento cani\",\"allevamento cani\",\"allevatore cani\",\"case history cani\",\"cucciola\",\"educazione addestramento\",\"educazione addestramento cani\",\"educazione cane cucciolo\",\"emozioni cani\",\"Pastore Svizzero Bianco\",\"paure cani\",\"roma\",\"storie cani\",\"valdarno cani\"],\"articleSection\":[\"Articoli\",\"Case History\",\"Educazione Cinofila Emozionale Comportamentale\",\"Notizie\",\"Un po' di me\"],\"inLanguage\":\"it-IT\"},{\"@type\":\"WebPage\",\"@id\":\"https:\\\/\\\/istruttorecinofilo.it\\\/blog\\\/case-history-cucciola-di-pastore-svizzero-bianco-69-giorni\\\/\",\"url\":\"https:\\\/\\\/istruttorecinofilo.it\\\/blog\\\/case-history-cucciola-di-pastore-svizzero-bianco-69-giorni\\\/\",\"name\":\"Case History: CUCCIOLA di Pastore Svizzero Bianco 69 giorni - Istruttore Cinofilo - Stefano Pesci\",\"isPartOf\":{\"@id\":\"https:\\\/\\\/istruttorecinofilo.it\\\/blog\\\/#website\"},\"primaryImageOfPage\":{\"@id\":\"https:\\\/\\\/istruttorecinofilo.it\\\/blog\\\/case-history-cucciola-di-pastore-svizzero-bianco-69-giorni\\\/#primaryimage\"},\"image\":{\"@id\":\"https:\\\/\\\/istruttorecinofilo.it\\\/blog\\\/case-history-cucciola-di-pastore-svizzero-bianco-69-giorni\\\/#primaryimage\"},\"thumbnailUrl\":\"https:\\\/\\\/istruttorecinofilo.it\\\/blog\\\/wp-content\\\/uploads\\\/2020\\\/03\\\/5_sharon_primo_piano_4502.jpg\",\"datePublished\":\"2020-03-16T15:39:12+00:00\",\"dateModified\":\"2020-07-07T18:34:45+00:00\",\"author\":{\"@id\":\"https:\\\/\\\/istruttorecinofilo.it\\\/blog\\\/#\\\/schema\\\/person\\\/f202513674f34af6e81fae0c45ab5195\"},\"description\":\"in questo articolo ti parler\u00f2 della storia di un caso, cosa ha provato la cucciola, cosa ho fatto per\u00a0 aiutarla a crescere al meglio, e il risultato finale.\",\"breadcrumb\":{\"@id\":\"https:\\\/\\\/istruttorecinofilo.it\\\/blog\\\/case-history-cucciola-di-pastore-svizzero-bianco-69-giorni\\\/#breadcrumb\"},\"inLanguage\":\"it-IT\",\"potentialAction\":[{\"@type\":\"ReadAction\",\"target\":[\"https:\\\/\\\/istruttorecinofilo.it\\\/blog\\\/case-history-cucciola-di-pastore-svizzero-bianco-69-giorni\\\/\"]}]},{\"@type\":\"ImageObject\",\"inLanguage\":\"it-IT\",\"@id\":\"https:\\\/\\\/istruttorecinofilo.it\\\/blog\\\/case-history-cucciola-di-pastore-svizzero-bianco-69-giorni\\\/#primaryimage\",\"url\":\"https:\\\/\\\/istruttorecinofilo.it\\\/blog\\\/wp-content\\\/uploads\\\/2020\\\/03\\\/5_sharon_primo_piano_4502.jpg\",\"contentUrl\":\"https:\\\/\\\/istruttorecinofilo.it\\\/blog\\\/wp-content\\\/uploads\\\/2020\\\/03\\\/5_sharon_primo_piano_4502.jpg\",\"width\":2048,\"height\":1151,\"caption\":\"CASE HISTORY - SHARON CUCIOLA PASTORE SVIZZERO BIANCO\"},{\"@type\":\"BreadcrumbList\",\"@id\":\"https:\\\/\\\/istruttorecinofilo.it\\\/blog\\\/case-history-cucciola-di-pastore-svizzero-bianco-69-giorni\\\/#breadcrumb\",\"itemListElement\":[{\"@type\":\"ListItem\",\"position\":1,\"name\":\"Home\",\"item\":\"https:\\\/\\\/istruttorecinofilo.it\\\/blog\\\/\"},{\"@type\":\"ListItem\",\"position\":2,\"name\":\"Case History: CUCCIOLA di Pastore Svizzero Bianco 69 giorni\"}]},{\"@type\":\"WebSite\",\"@id\":\"https:\\\/\\\/istruttorecinofilo.it\\\/blog\\\/#website\",\"url\":\"https:\\\/\\\/istruttorecinofilo.it\\\/blog\\\/\",\"name\":\"Istruttore Cinofilo - Stefano Pesci\",\"description\":\"Istruttore Educatore Cinofilo Comportamentale: Esperto in Microsegnali. La connessione \u00e8 un flusso bidirezionale: guidare l&#039;umano per comprendere il cane.\",\"potentialAction\":[{\"@type\":\"SearchAction\",\"target\":{\"@type\":\"EntryPoint\",\"urlTemplate\":\"https:\\\/\\\/istruttorecinofilo.it\\\/blog\\\/?s={search_term_string}\"},\"query-input\":{\"@type\":\"PropertyValueSpecification\",\"valueRequired\":true,\"valueName\":\"search_term_string\"}}],\"inLanguage\":\"it-IT\"},{\"@type\":\"Person\",\"@id\":\"https:\\\/\\\/istruttorecinofilo.it\\\/blog\\\/#\\\/schema\\\/person\\\/f202513674f34af6e81fae0c45ab5195\",\"name\":\"Stefano Pesci\",\"image\":{\"@type\":\"ImageObject\",\"inLanguage\":\"it-IT\",\"@id\":\"https:\\\/\\\/secure.gravatar.com\\\/avatar\\\/a072448102498535e2e9fe1fc1afd01b466f2cea85464ce381a65b2bfae96aa2?s=96&d=mm&r=g\",\"url\":\"https:\\\/\\\/secure.gravatar.com\\\/avatar\\\/a072448102498535e2e9fe1fc1afd01b466f2cea85464ce381a65b2bfae96aa2?s=96&d=mm&r=g\",\"contentUrl\":\"https:\\\/\\\/secure.gravatar.com\\\/avatar\\\/a072448102498535e2e9fe1fc1afd01b466f2cea85464ce381a65b2bfae96aa2?s=96&d=mm&r=g\",\"caption\":\"Stefano Pesci\"}}]}<\/script>\n<!-- \/ Yoast SEO plugin. -->","yoast_head_json":{"title":"Case History: CUCCIOLA di Pastore Svizzero Bianco 69 giorni - Istruttore Cinofilo - Stefano Pesci","description":"in questo articolo ti parler\u00f2 della storia di un caso, cosa ha provato la cucciola, cosa ho fatto per\u00a0 aiutarla a crescere al meglio, e il risultato finale.","robots":{"index":"index","follow":"follow","max-snippet":"max-snippet:-1","max-image-preview":"max-image-preview:large","max-video-preview":"max-video-preview:-1"},"canonical":"https:\/\/istruttorecinofilo.it\/blog\/case-history-cucciola-di-pastore-svizzero-bianco-69-giorni\/","og_locale":"it_IT","og_type":"article","og_title":"Case History: CUCCIOLA di Pastore Svizzero Bianco 69 giorni - Istruttore Cinofilo - Stefano Pesci","og_description":"in questo articolo ti parler\u00f2 della storia di un caso, cosa ha provato la cucciola, cosa ho fatto per\u00a0 aiutarla a crescere al meglio, e il risultato finale.","og_url":"https:\/\/istruttorecinofilo.it\/blog\/case-history-cucciola-di-pastore-svizzero-bianco-69-giorni\/","og_site_name":"Istruttore Cinofilo - Stefano Pesci","article_publisher":"https:\/\/www.facebook.com\/togetherdog\/","article_published_time":"2020-03-16T15:39:12+00:00","article_modified_time":"2020-07-07T18:34:45+00:00","og_image":[{"width":2048,"height":1151,"url":"https:\/\/istruttorecinofilo.it\/blog\/wp-content\/uploads\/2020\/03\/5_sharon_primo_piano_4502.jpg","type":"image\/jpeg"}],"author":"Stefano Pesci","twitter_card":"summary_large_image","twitter_misc":{"Scritto da":"Stefano Pesci","Tempo di lettura stimato":"19 minuti"},"schema":{"@context":"https:\/\/schema.org","@graph":[{"@type":"Article","@id":"https:\/\/istruttorecinofilo.it\/blog\/case-history-cucciola-di-pastore-svizzero-bianco-69-giorni\/#article","isPartOf":{"@id":"https:\/\/istruttorecinofilo.it\/blog\/case-history-cucciola-di-pastore-svizzero-bianco-69-giorni\/"},"author":{"name":"Stefano Pesci","@id":"https:\/\/istruttorecinofilo.it\/blog\/#\/schema\/person\/f202513674f34af6e81fae0c45ab5195"},"headline":"Case History: CUCCIOLA di Pastore Svizzero Bianco 69 giorni","datePublished":"2020-03-16T15:39:12+00:00","dateModified":"2020-07-07T18:34:45+00:00","mainEntityOfPage":{"@id":"https:\/\/istruttorecinofilo.it\/blog\/case-history-cucciola-di-pastore-svizzero-bianco-69-giorni\/"},"wordCount":3793,"image":{"@id":"https:\/\/istruttorecinofilo.it\/blog\/case-history-cucciola-di-pastore-svizzero-bianco-69-giorni\/#primaryimage"},"thumbnailUrl":"https:\/\/istruttorecinofilo.it\/blog\/wp-content\/uploads\/2020\/03\/5_sharon_primo_piano_4502.jpg","keywords":["addestramento cane cucciolo","addestramento cani","allevamento cani","allevatore cani","case history cani","cucciola","educazione addestramento","educazione addestramento cani","educazione cane cucciolo","emozioni cani","Pastore Svizzero Bianco","paure cani","roma","storie cani","valdarno cani"],"articleSection":["Articoli","Case History","Educazione Cinofila Emozionale Comportamentale","Notizie","Un po' di me"],"inLanguage":"it-IT"},{"@type":"WebPage","@id":"https:\/\/istruttorecinofilo.it\/blog\/case-history-cucciola-di-pastore-svizzero-bianco-69-giorni\/","url":"https:\/\/istruttorecinofilo.it\/blog\/case-history-cucciola-di-pastore-svizzero-bianco-69-giorni\/","name":"Case History: CUCCIOLA di Pastore Svizzero Bianco 69 giorni - Istruttore Cinofilo - Stefano Pesci","isPartOf":{"@id":"https:\/\/istruttorecinofilo.it\/blog\/#website"},"primaryImageOfPage":{"@id":"https:\/\/istruttorecinofilo.it\/blog\/case-history-cucciola-di-pastore-svizzero-bianco-69-giorni\/#primaryimage"},"image":{"@id":"https:\/\/istruttorecinofilo.it\/blog\/case-history-cucciola-di-pastore-svizzero-bianco-69-giorni\/#primaryimage"},"thumbnailUrl":"https:\/\/istruttorecinofilo.it\/blog\/wp-content\/uploads\/2020\/03\/5_sharon_primo_piano_4502.jpg","datePublished":"2020-03-16T15:39:12+00:00","dateModified":"2020-07-07T18:34:45+00:00","author":{"@id":"https:\/\/istruttorecinofilo.it\/blog\/#\/schema\/person\/f202513674f34af6e81fae0c45ab5195"},"description":"in questo articolo ti parler\u00f2 della storia di un caso, cosa ha provato la cucciola, cosa ho fatto per\u00a0 aiutarla a crescere al meglio, e il risultato finale.","breadcrumb":{"@id":"https:\/\/istruttorecinofilo.it\/blog\/case-history-cucciola-di-pastore-svizzero-bianco-69-giorni\/#breadcrumb"},"inLanguage":"it-IT","potentialAction":[{"@type":"ReadAction","target":["https:\/\/istruttorecinofilo.it\/blog\/case-history-cucciola-di-pastore-svizzero-bianco-69-giorni\/"]}]},{"@type":"ImageObject","inLanguage":"it-IT","@id":"https:\/\/istruttorecinofilo.it\/blog\/case-history-cucciola-di-pastore-svizzero-bianco-69-giorni\/#primaryimage","url":"https:\/\/istruttorecinofilo.it\/blog\/wp-content\/uploads\/2020\/03\/5_sharon_primo_piano_4502.jpg","contentUrl":"https:\/\/istruttorecinofilo.it\/blog\/wp-content\/uploads\/2020\/03\/5_sharon_primo_piano_4502.jpg","width":2048,"height":1151,"caption":"CASE HISTORY - SHARON CUCIOLA PASTORE SVIZZERO BIANCO"},{"@type":"BreadcrumbList","@id":"https:\/\/istruttorecinofilo.it\/blog\/case-history-cucciola-di-pastore-svizzero-bianco-69-giorni\/#breadcrumb","itemListElement":[{"@type":"ListItem","position":1,"name":"Home","item":"https:\/\/istruttorecinofilo.it\/blog\/"},{"@type":"ListItem","position":2,"name":"Case History: CUCCIOLA di Pastore Svizzero Bianco 69 giorni"}]},{"@type":"WebSite","@id":"https:\/\/istruttorecinofilo.it\/blog\/#website","url":"https:\/\/istruttorecinofilo.it\/blog\/","name":"Istruttore Cinofilo - Stefano Pesci","description":"Istruttore Educatore Cinofilo Comportamentale: Esperto in Microsegnali. La connessione \u00e8 un flusso bidirezionale: guidare l&#039;umano per comprendere il cane.","potentialAction":[{"@type":"SearchAction","target":{"@type":"EntryPoint","urlTemplate":"https:\/\/istruttorecinofilo.it\/blog\/?s={search_term_string}"},"query-input":{"@type":"PropertyValueSpecification","valueRequired":true,"valueName":"search_term_string"}}],"inLanguage":"it-IT"},{"@type":"Person","@id":"https:\/\/istruttorecinofilo.it\/blog\/#\/schema\/person\/f202513674f34af6e81fae0c45ab5195","name":"Stefano Pesci","image":{"@type":"ImageObject","inLanguage":"it-IT","@id":"https:\/\/secure.gravatar.com\/avatar\/a072448102498535e2e9fe1fc1afd01b466f2cea85464ce381a65b2bfae96aa2?s=96&d=mm&r=g","url":"https:\/\/secure.gravatar.com\/avatar\/a072448102498535e2e9fe1fc1afd01b466f2cea85464ce381a65b2bfae96aa2?s=96&d=mm&r=g","contentUrl":"https:\/\/secure.gravatar.com\/avatar\/a072448102498535e2e9fe1fc1afd01b466f2cea85464ce381a65b2bfae96aa2?s=96&d=mm&r=g","caption":"Stefano Pesci"}}]}},"_links":{"self":[{"href":"https:\/\/istruttorecinofilo.it\/blog\/wp-json\/wp\/v2\/posts\/2998","targetHints":{"allow":["GET"]}}],"collection":[{"href":"https:\/\/istruttorecinofilo.it\/blog\/wp-json\/wp\/v2\/posts"}],"about":[{"href":"https:\/\/istruttorecinofilo.it\/blog\/wp-json\/wp\/v2\/types\/post"}],"author":[{"embeddable":true,"href":"https:\/\/istruttorecinofilo.it\/blog\/wp-json\/wp\/v2\/users\/1"}],"replies":[{"embeddable":true,"href":"https:\/\/istruttorecinofilo.it\/blog\/wp-json\/wp\/v2\/comments?post=2998"}],"version-history":[{"count":99,"href":"https:\/\/istruttorecinofilo.it\/blog\/wp-json\/wp\/v2\/posts\/2998\/revisions"}],"predecessor-version":[{"id":4990,"href":"https:\/\/istruttorecinofilo.it\/blog\/wp-json\/wp\/v2\/posts\/2998\/revisions\/4990"}],"wp:featuredmedia":[{"embeddable":true,"href":"https:\/\/istruttorecinofilo.it\/blog\/wp-json\/wp\/v2\/media\/3052"}],"wp:attachment":[{"href":"https:\/\/istruttorecinofilo.it\/blog\/wp-json\/wp\/v2\/media?parent=2998"}],"wp:term":[{"taxonomy":"category","embeddable":true,"href":"https:\/\/istruttorecinofilo.it\/blog\/wp-json\/wp\/v2\/categories?post=2998"},{"taxonomy":"post_tag","embeddable":true,"href":"https:\/\/istruttorecinofilo.it\/blog\/wp-json\/wp\/v2\/tags?post=2998"}],"curies":[{"name":"wp","href":"https:\/\/api.w.org\/{rel}","templated":true}]}}